{"id":42558,"date":"2025-04-19T19:33:28","date_gmt":"2025-04-19T17:33:28","guid":{"rendered":"https:\/\/blogs.elcomercio.es\/reflexiones-de-belarmino\/?p=42558"},"modified":"2025-04-19T19:33:28","modified_gmt":"2025-04-19T17:33:28","slug":"trump-a-mi-eligio-el-pueblo-a-los-jueces-nadie%c2%b7-el-1-de-junio-del-2025-en-mexico-el-pueblo-elegira-el-poder-judicial","status":"publish","type":"post","link":"https:\/\/blogs.elcomercio.es\/reflexiones-de-belarmino\/2025\/04\/19\/trump-a-mi-eligio-el-pueblo-a-los-jueces-nadie%c2%b7-el-1-de-junio-del-2025-en-mexico-el-pueblo-elegira-el-poder-judicial\/","title":{"rendered":"\u00a1\u00a1\u00a1\u00a1\u00a1TRUMP, &#8221; A MI ELIGI\u00d3 EL PUEBLO, A LOS JUECES NADIE&#8221;\u00b7. EL 1 DE JUNIO DEL 2025 EN MEXICO EL PUEBLO ELEGIRA EL PODER JUDICIAL !!!"},"content":{"rendered":"\n<p>La DEMOCRACIA oxigena todos los rincones de la Cuarta Transformaci\u00f3n en M\u00e9xico, iniciada por L\u00f3pez Obrador y seguida or Claudia Sheinbaum.Desde la Consulta Popular para saaber si se consyru\u00eda el nuevo aeropuerto de ciudad de M\u00e9xico, el gran negocio de Villar Mir y el presidente Pe\u00f1a Nieto(recordemos costaba 12,500 millones de d\u00f3lares y acababa con el Lago de Texcoco. La alternativa la base aerea del aeropuerto Felipe Angles. El pueblo respondi\u00f3, y decidi\u00f3 el Felipe Angeles. Se le encarg\u00f3 a losigenieros militares y se etermino en la mitad de tiempo por 5.000 ,millones de d\u00f3lares, conderado como uno de los 6 aeropuertos mejores del mundo. Con  lo que se ahorr\u00e1, se constrruy\u00f3 el Tren Maya y el Aeripuerto de Tulum, y los beficios de ambos, pagaar\u00e1n las pensiones del ejercito).<\/p>\n\n\n\n<p>Todo ha sido consultado. Sin violencia, las elecciones para elegir EJECUTIVO Y LE GISLATIVO impecables, las elecciones de los pueblos indigenas con laa democracia y usos y costumbres de ellos) y ahora el 1 DE JUNIO DE 2025 el pueblo elegir\u00e1 AL NUEVO POER JUDICIAL.<\/p>\n\n\n\n<p>\u00bf Que leciones se nos quiera dar  desde Europa u hoy, Donald Trump ?<\/p>\n\n\n\n<p>La clave del avance de M\u00e9xico: DEMOCRACIA, CERO CORRUPCION Y AUSTERIDAD REPUBLICANA.<\/p>\n\n\n\n<p>.<\/p>\n\n\n\n<p><\/p>\n<!-- AddThis Advanced Settings generic via filter on the_content --><!-- AddThis Share Buttons generic via filter on the_content -->","protected":false},"excerpt":{"rendered":"<p>La DEMOCRACIA oxigena todos los rincones de la Cuarta Transformaci\u00f3n en M\u00e9xico, iniciada por L\u00f3pez Obrador y seguida or Claudia Sheinbaum.Desde la Consulta Popular para saaber si se consyru\u00eda el nuevo aeropuerto de ciudad de M\u00e9xico, el gran negocio de Villar Mir y el presidente Pe\u00f1a Nieto(recordemos costaba 12,500 millones de d\u00f3lares y acababa con [&hellip;]<!-- AddThis Advanced Settings generic via filter on get_the_excerpt --><!-- AddThis Share Buttons generic via filter on get_the_excerpt --><\/p>\n","protected":false},"author":16,"featured_media":0,"comment_status":"open","ping_status":"closed","sticky":false,"template":"","format":"standard","meta":[],"categories":[1],"tags":[],"_links":{"self":[{"href":"https:\/\/blogs.elcomercio.es\/reflexiones-de-belarmino\/wp-json\/wp\/v2\/posts\/42558"}],"collection":[{"href":"https:\/\/blogs.elcomercio.es\/reflexiones-de-belarmino\/wp-json\/wp\/v2\/posts"}],"about":[{"href":"https:\/\/blogs.elcomercio.es\/reflexiones-de-belarmino\/wp-json\/wp\/v2\/types\/post"}],"author":[{"embeddable":true,"href":"https:\/\/blogs.elcomercio.es\/reflexiones-de-belarmino\/wp-json\/wp\/v2\/users\/16"}],"replies":[{"embeddable":true,"href":"https:\/\/blogs.elcomercio.es\/reflexiones-de-belarmino\/wp-json\/wp\/v2\/comments?post=42558"}],"version-history":[{"count":1,"href":"https:\/\/blogs.elcomercio.es\/reflexiones-de-belarmino\/wp-json\/wp\/v2\/posts\/42558\/revisions"}],"predecessor-version":[{"id":42559,"href":"https:\/\/blogs.elcomercio.es\/reflexiones-de-belarmino\/wp-json\/wp\/v2\/posts\/42558\/revisions\/42559"}],"wp:attachment":[{"href":"https:\/\/blogs.elcomercio.es\/reflexiones-de-belarmino\/wp-json\/wp\/v2\/media?parent=42558"}],"wp:term":[{"taxonomy":"category","embeddable":true,"href":"https:\/\/blogs.elcomercio.es\/reflexiones-de-belarmino\/wp-json\/wp\/v2\/categories?post=42558"},{"taxonomy":"post_tag","embeddable":true,"href":"https:\/\/blogs.elcomercio.es\/reflexiones-de-belarmino\/wp-json\/wp\/v2\/tags?post=42558"}],"curies":[{"name":"wp","href":"https:\/\/api.w.org\/{rel}","templated":true}]}}