{"id":42561,"date":"2025-04-20T12:08:13","date_gmt":"2025-04-20T10:08:13","guid":{"rendered":"https:\/\/blogs.elcomercio.es\/reflexiones-de-belarmino\/?p=42561"},"modified":"2025-04-20T12:08:14","modified_gmt":"2025-04-20T10:08:14","slug":"encabezados-por-la-universidad-de-harvard-bernie-sanders-y-cortez-el-pueblo-norteamericano-sale-a-las-calles-para-enrentar-a-trump","status":"publish","type":"post","link":"https:\/\/blogs.elcomercio.es\/reflexiones-de-belarmino\/2025\/04\/20\/encabezados-por-la-universidad-de-harvard-bernie-sanders-y-cortez-el-pueblo-norteamericano-sale-a-las-calles-para-enrentar-a-trump\/","title":{"rendered":"\u00a1\u00a1\u00a1\u00a1\u00a1ENCABEZADOS POR LA UNIVERSIDAD DE HARVARD ,BERNIE SANDERS Y CORTEZ, EL PUEBLO NORTEAMERICANO SALE A LAS CALLES PARA ENRENTAR A TRUMP !!!"},"content":{"rendered":"\n<p>En tan s\u00f3lo 4 meses, el &#8220;magnate&#8221; no s\u00f3lo  tiene en contra a medio mundo, sino que logr\u00f3, lo que nunca antes desde la guerra de Vietnam, sacar a la calle a los estudiantes del pa\u00eds, encabezados por la Universidad de Harvard y centenares de miles de descontentos en los 50 estados del pa\u00eds, encabezado por el &#8220;viejo vaquero&#8221; Bernie Sanders y la congresista Cortez.Y esto apenas empieza&#8230;&#8230;<\/p>\n\n\n\n<p><\/p>\n<!-- AddThis Advanced Settings generic via filter on the_content --><!-- AddThis Share Buttons generic via filter on the_content -->","protected":false},"excerpt":{"rendered":"<p>En tan s\u00f3lo 4 meses, el &#8220;magnate&#8221; no s\u00f3lo tiene en contra a medio mundo, sino que logr\u00f3, lo que nunca antes desde la guerra de Vietnam, sacar a la calle a los estudiantes del pa\u00eds, encabezados por la Universidad de Harvard y centenares de miles de descontentos en los 50 estados del pa\u00eds, encabezado [&hellip;]<!-- AddThis Advanced Settings generic via filter on get_the_excerpt --><!-- AddThis Share Buttons generic via filter on get_the_excerpt --><\/p>\n","protected":false},"author":16,"featured_media":0,"comment_status":"open","ping_status":"closed","sticky":false,"template":"","format":"standard","meta":[],"categories":[1],"tags":[],"_links":{"self":[{"href":"https:\/\/blogs.elcomercio.es\/reflexiones-de-belarmino\/wp-json\/wp\/v2\/posts\/42561"}],"collection":[{"href":"https:\/\/blogs.elcomercio.es\/reflexiones-de-belarmino\/wp-json\/wp\/v2\/posts"}],"about":[{"href":"https:\/\/blogs.elcomercio.es\/reflexiones-de-belarmino\/wp-json\/wp\/v2\/types\/post"}],"author":[{"embeddable":true,"href":"https:\/\/blogs.elcomercio.es\/reflexiones-de-belarmino\/wp-json\/wp\/v2\/users\/16"}],"replies":[{"embeddable":true,"href":"https:\/\/blogs.elcomercio.es\/reflexiones-de-belarmino\/wp-json\/wp\/v2\/comments?post=42561"}],"version-history":[{"count":1,"href":"https:\/\/blogs.elcomercio.es\/reflexiones-de-belarmino\/wp-json\/wp\/v2\/posts\/42561\/revisions"}],"predecessor-version":[{"id":42562,"href":"https:\/\/blogs.elcomercio.es\/reflexiones-de-belarmino\/wp-json\/wp\/v2\/posts\/42561\/revisions\/42562"}],"wp:attachment":[{"href":"https:\/\/blogs.elcomercio.es\/reflexiones-de-belarmino\/wp-json\/wp\/v2\/media?parent=42561"}],"wp:term":[{"taxonomy":"category","embeddable":true,"href":"https:\/\/blogs.elcomercio.es\/reflexiones-de-belarmino\/wp-json\/wp\/v2\/categories?post=42561"},{"taxonomy":"post_tag","embeddable":true,"href":"https:\/\/blogs.elcomercio.es\/reflexiones-de-belarmino\/wp-json\/wp\/v2\/tags?post=42561"}],"curies":[{"name":"wp","href":"https:\/\/api.w.org\/{rel}","templated":true}]}}