{"id":42563,"date":"2025-04-20T12:21:41","date_gmt":"2025-04-20T10:21:41","guid":{"rendered":"https:\/\/blogs.elcomercio.es\/reflexiones-de-belarmino\/?p=42563"},"modified":"2025-04-20T12:21:41","modified_gmt":"2025-04-20T10:21:41","slug":"via-crucis-en-ixtapalapa-1400000-asistentes-queman-al-judas-de-trump-en-la-ciudad-de-mexico","status":"publish","type":"post","link":"https:\/\/blogs.elcomercio.es\/reflexiones-de-belarmino\/2025\/04\/20\/via-crucis-en-ixtapalapa-1400000-asistentes-queman-al-judas-de-trump-en-la-ciudad-de-mexico\/","title":{"rendered":"\u00a1\u00a1\u00a1\u00a1\u00a1\u00a1\u00a1VIA CRUCIS EN IXTAPALAPA: 1,400,000 ASISTENTES. QUEMAN AL &#8220;JUDAS&#8221; DE TRUMP&#8221; EN LA CIUDAD DE MEXICO !!!!"},"content":{"rendered":"\n<p>Como hace 80 a\u00f1os, en la delegaci\u00f3n de Iztapalpa, ciudadanos de la ciudad, del interior del pa\u00eds y visitantes internacionales, han salido ayer a la Ceremonia del Via Crucis. Con 3,000 actores preparados todo el a\u00f1o, ayer congregaron a 1,400, 000 personas en este evento.En Santa Mar\u00eda la Ribera, quemaron &#8220;Judas&#8221; con la imagen de Donald Trump.<\/p>\n<!-- AddThis Advanced Settings generic via filter on the_content --><!-- AddThis Share Buttons generic via filter on the_content -->","protected":false},"excerpt":{"rendered":"<p>Como hace 80 a\u00f1os, en la delegaci\u00f3n de Iztapalpa, ciudadanos de la ciudad, del interior del pa\u00eds y visitantes internacionales, han salido ayer a la Ceremonia del Via Crucis. Con 3,000 actores preparados todo el a\u00f1o, ayer congregaron a 1,400, 000 personas en este evento.En Santa Mar\u00eda la Ribera, quemaron &#8220;Judas&#8221; con la imagen de [&hellip;]<!-- AddThis Advanced Settings generic via filter on get_the_excerpt --><!-- AddThis Share Buttons generic via filter on get_the_excerpt --><\/p>\n","protected":false},"author":16,"featured_media":0,"comment_status":"open","ping_status":"closed","sticky":false,"template":"","format":"standard","meta":[],"categories":[1],"tags":[],"_links":{"self":[{"href":"https:\/\/blogs.elcomercio.es\/reflexiones-de-belarmino\/wp-json\/wp\/v2\/posts\/42563"}],"collection":[{"href":"https:\/\/blogs.elcomercio.es\/reflexiones-de-belarmino\/wp-json\/wp\/v2\/posts"}],"about":[{"href":"https:\/\/blogs.elcomercio.es\/reflexiones-de-belarmino\/wp-json\/wp\/v2\/types\/post"}],"author":[{"embeddable":true,"href":"https:\/\/blogs.elcomercio.es\/reflexiones-de-belarmino\/wp-json\/wp\/v2\/users\/16"}],"replies":[{"embeddable":true,"href":"https:\/\/blogs.elcomercio.es\/reflexiones-de-belarmino\/wp-json\/wp\/v2\/comments?post=42563"}],"version-history":[{"count":1,"href":"https:\/\/blogs.elcomercio.es\/reflexiones-de-belarmino\/wp-json\/wp\/v2\/posts\/42563\/revisions"}],"predecessor-version":[{"id":42564,"href":"https:\/\/blogs.elcomercio.es\/reflexiones-de-belarmino\/wp-json\/wp\/v2\/posts\/42563\/revisions\/42564"}],"wp:attachment":[{"href":"https:\/\/blogs.elcomercio.es\/reflexiones-de-belarmino\/wp-json\/wp\/v2\/media?parent=42563"}],"wp:term":[{"taxonomy":"category","embeddable":true,"href":"https:\/\/blogs.elcomercio.es\/reflexiones-de-belarmino\/wp-json\/wp\/v2\/categories?post=42563"},{"taxonomy":"post_tag","embeddable":true,"href":"https:\/\/blogs.elcomercio.es\/reflexiones-de-belarmino\/wp-json\/wp\/v2\/tags?post=42563"}],"curies":[{"name":"wp","href":"https:\/\/api.w.org\/{rel}","templated":true}]}}