{"id":42565,"date":"2025-04-20T19:11:08","date_gmt":"2025-04-20T17:11:08","guid":{"rendered":"https:\/\/blogs.elcomercio.es\/reflexiones-de-belarmino\/?p=42565"},"modified":"2025-04-20T19:11:08","modified_gmt":"2025-04-20T17:11:08","slug":"vance-logra-la-foto-con-el-papa-reino-unido-mitad-de-aranceles-union-europea-tendra-trato-preferencial","status":"publish","type":"post","link":"https:\/\/blogs.elcomercio.es\/reflexiones-de-belarmino\/2025\/04\/20\/vance-logra-la-foto-con-el-papa-reino-unido-mitad-de-aranceles-union-europea-tendra-trato-preferencial\/","title":{"rendered":"\u00a1\u00a1\u00a1\u00a1\u00a1\u00a1VANCE LOGRA LA FOTO CON EL PAPA. REINO UNIDO, MITAD DE ARANCELES UNION EUROPEA, TENDRA TRATO PREFERENCIAL !!!"},"content":{"rendered":"\n<p>Vance, logr\u00f3 la foto. El Papa Francisco en San Pedro critico el trato a inmigrantes. Francisco es mucho Papa, para este jovencito.Parece que, finalmente, el Reunio Unido tendr\u00e1 un trato preferencial en sus aranceles con los Estados Unidos. Deseando marginar a la Uni\u00f3m Europea. Trump va por la Europa de las Naciones: Reino Unido, Alemania, Francia e Italia y  Hungr\u00eda. Espa\u00f1a tiene a su favor que en su territorio est\u00e1 la BASE DE ROTA, ESTRATEGICA, pero ser\u00e1 considerado de segundo nivel para Trump.<\/p>\n<!-- AddThis Advanced Settings generic via filter on the_content --><!-- AddThis Share Buttons generic via filter on the_content -->","protected":false},"excerpt":{"rendered":"<p>Vance, logr\u00f3 la foto. El Papa Francisco en San Pedro critico el trato a inmigrantes. Francisco es mucho Papa, para este jovencito.Parece que, finalmente, el Reunio Unido tendr\u00e1 un trato preferencial en sus aranceles con los Estados Unidos. Deseando marginar a la Uni\u00f3m Europea. Trump va por la Europa de las Naciones: Reino Unido, Alemania, [&hellip;]<!-- AddThis Advanced Settings generic via filter on get_the_excerpt --><!-- AddThis Share Buttons generic via filter on get_the_excerpt --><\/p>\n","protected":false},"author":16,"featured_media":0,"comment_status":"open","ping_status":"closed","sticky":false,"template":"","format":"standard","meta":[],"categories":[1],"tags":[],"_links":{"self":[{"href":"https:\/\/blogs.elcomercio.es\/reflexiones-de-belarmino\/wp-json\/wp\/v2\/posts\/42565"}],"collection":[{"href":"https:\/\/blogs.elcomercio.es\/reflexiones-de-belarmino\/wp-json\/wp\/v2\/posts"}],"about":[{"href":"https:\/\/blogs.elcomercio.es\/reflexiones-de-belarmino\/wp-json\/wp\/v2\/types\/post"}],"author":[{"embeddable":true,"href":"https:\/\/blogs.elcomercio.es\/reflexiones-de-belarmino\/wp-json\/wp\/v2\/users\/16"}],"replies":[{"embeddable":true,"href":"https:\/\/blogs.elcomercio.es\/reflexiones-de-belarmino\/wp-json\/wp\/v2\/comments?post=42565"}],"version-history":[{"count":1,"href":"https:\/\/blogs.elcomercio.es\/reflexiones-de-belarmino\/wp-json\/wp\/v2\/posts\/42565\/revisions"}],"predecessor-version":[{"id":42566,"href":"https:\/\/blogs.elcomercio.es\/reflexiones-de-belarmino\/wp-json\/wp\/v2\/posts\/42565\/revisions\/42566"}],"wp:attachment":[{"href":"https:\/\/blogs.elcomercio.es\/reflexiones-de-belarmino\/wp-json\/wp\/v2\/media?parent=42565"}],"wp:term":[{"taxonomy":"category","embeddable":true,"href":"https:\/\/blogs.elcomercio.es\/reflexiones-de-belarmino\/wp-json\/wp\/v2\/categories?post=42565"},{"taxonomy":"post_tag","embeddable":true,"href":"https:\/\/blogs.elcomercio.es\/reflexiones-de-belarmino\/wp-json\/wp\/v2\/tags?post=42565"}],"curies":[{"name":"wp","href":"https:\/\/api.w.org\/{rel}","templated":true}]}}