{"id":42567,"date":"2025-04-20T19:20:30","date_gmt":"2025-04-20T17:20:30","guid":{"rendered":"https:\/\/blogs.elcomercio.es\/reflexiones-de-belarmino\/?p=42567"},"modified":"2025-04-20T19:20:31","modified_gmt":"2025-04-20T17:20:31","slug":"campspaco-tras-15-anos-de-litigios-por-corrupcion-recorre-valencia-para-substituir-a-mazon","status":"publish","type":"post","link":"https:\/\/blogs.elcomercio.es\/reflexiones-de-belarmino\/2025\/04\/20\/campspaco-tras-15-anos-de-litigios-por-corrupcion-recorre-valencia-para-substituir-a-mazon\/","title":{"rendered":"\u00a1\u00a1\u00a1\u00a1\u00a1CAMPS(PACO) TRAS  15 A\u00d1OS DE LITIGIOS POR CORRUPCI\u00d3N, RECORRE VALENCIA PARA SUBSTITUIR A MAZ\u00d3N!!!"},"content":{"rendered":"\n<p>Bueno, aunque usted dno lo crea, el se\u00f1or Camps, ex presidente de la Generalitat Valaenciana, 15 a\u00f1os en litigio por acusaciones de corrrupci\u00f3n, recorre todaa la comunidad, para tirar a Maz\u00f3n y ser el recambio.Bueno, all\u00e1 los valencianos.<\/p>\n<!-- AddThis Advanced Settings generic via filter on the_content --><!-- AddThis Share Buttons generic via filter on the_content -->","protected":false},"excerpt":{"rendered":"<p>Bueno, aunque usted dno lo crea, el se\u00f1or Camps, ex presidente de la Generalitat Valaenciana, 15 a\u00f1os en litigio por acusaciones de corrrupci\u00f3n, recorre todaa la comunidad, para tirar a Maz\u00f3n y ser el recambio.Bueno, all\u00e1 los valencianos.<!-- AddThis Advanced Settings generic via filter on get_the_excerpt --><!-- AddThis Share Buttons generic via filter on get_the_excerpt --><\/p>\n","protected":false},"author":16,"featured_media":0,"comment_status":"open","ping_status":"closed","sticky":false,"template":"","format":"standard","meta":[],"categories":[1],"tags":[],"_links":{"self":[{"href":"https:\/\/blogs.elcomercio.es\/reflexiones-de-belarmino\/wp-json\/wp\/v2\/posts\/42567"}],"collection":[{"href":"https:\/\/blogs.elcomercio.es\/reflexiones-de-belarmino\/wp-json\/wp\/v2\/posts"}],"about":[{"href":"https:\/\/blogs.elcomercio.es\/reflexiones-de-belarmino\/wp-json\/wp\/v2\/types\/post"}],"author":[{"embeddable":true,"href":"https:\/\/blogs.elcomercio.es\/reflexiones-de-belarmino\/wp-json\/wp\/v2\/users\/16"}],"replies":[{"embeddable":true,"href":"https:\/\/blogs.elcomercio.es\/reflexiones-de-belarmino\/wp-json\/wp\/v2\/comments?post=42567"}],"version-history":[{"count":1,"href":"https:\/\/blogs.elcomercio.es\/reflexiones-de-belarmino\/wp-json\/wp\/v2\/posts\/42567\/revisions"}],"predecessor-version":[{"id":42568,"href":"https:\/\/blogs.elcomercio.es\/reflexiones-de-belarmino\/wp-json\/wp\/v2\/posts\/42567\/revisions\/42568"}],"wp:attachment":[{"href":"https:\/\/blogs.elcomercio.es\/reflexiones-de-belarmino\/wp-json\/wp\/v2\/media?parent=42567"}],"wp:term":[{"taxonomy":"category","embeddable":true,"href":"https:\/\/blogs.elcomercio.es\/reflexiones-de-belarmino\/wp-json\/wp\/v2\/categories?post=42567"},{"taxonomy":"post_tag","embeddable":true,"href":"https:\/\/blogs.elcomercio.es\/reflexiones-de-belarmino\/wp-json\/wp\/v2\/tags?post=42567"}],"curies":[{"name":"wp","href":"https:\/\/api.w.org\/{rel}","templated":true}]}}