{"id":42571,"date":"2025-04-20T20:16:35","date_gmt":"2025-04-20T18:16:35","guid":{"rendered":"https:\/\/blogs.elcomercio.es\/reflexiones-de-belarmino\/?p=42571"},"modified":"2025-04-20T20:16:35","modified_gmt":"2025-04-20T18:16:35","slug":"mateo-zippi-y-pietro-parolincardenales-italianos-aumentan-sus-posibilidades-tras-el-papel-interlocutor-de-georgia-meloni-no-olvidar-al-cardenal-hungaro-peter-herso","status":"publish","type":"post","link":"https:\/\/blogs.elcomercio.es\/reflexiones-de-belarmino\/2025\/04\/20\/mateo-zippi-y-pietro-parolincardenales-italianos-aumentan-sus-posibilidades-tras-el-papel-interlocutor-de-georgia-meloni-no-olvidar-al-cardenal-hungaro-peter-herso\/","title":{"rendered":"\u00a1\u00a1\u00a1\u00a1\u00a1MATEO ZIPPI Y PIETRO PAROLIN,CARDENALES ITALIANOS AUMENTAN SUS POSIBILIDADES TRAS EL PAPEL INTERLOCUTOR DE GEORGIA MELONI. NO OLVIDAR AL CARDENAL HUNGARO PETER HERSO. !!!"},"content":{"rendered":"\n<p>Siguen existiendo los papables que se han mencionado dessde hace dos a\u00f1os, pero el giro de Trump contra la Uni\u00f3n Europea y en favor de la Europa de las Naciones, y el papel que est\u00e1 ajugando Georgia Meloni en este proceso, parece acercar a que la decisi\u00f3n no vendr\u00e1 de Asia, como Tagle, o de Africa Y menos de Estados Unidos como Burke, sino de Europa, muy posiblemente el Secretario de Estado de El Vaticano Pietro Parol\u00edn,o el presidente de la Conferencia Episcopal Italaiana, Matteo Zuppi. Pero no puede descartarse al cardenal hungaron Peter Herso, que tiene linea directa con Kirill, el Patriarca de Mosc\u00fa.<\/p>\n<!-- AddThis Advanced Settings generic via filter on the_content --><!-- AddThis Share Buttons generic via filter on the_content -->","protected":false},"excerpt":{"rendered":"<p>Siguen existiendo los papables que se han mencionado dessde hace dos a\u00f1os, pero el giro de Trump contra la Uni\u00f3n Europea y en favor de la Europa de las Naciones, y el papel que est\u00e1 ajugando Georgia Meloni en este proceso, parece acercar a que la decisi\u00f3n no vendr\u00e1 de Asia, como Tagle, o de [&hellip;]<!-- AddThis Advanced Settings generic via filter on get_the_excerpt --><!-- AddThis Share Buttons generic via filter on get_the_excerpt --><\/p>\n","protected":false},"author":16,"featured_media":0,"comment_status":"open","ping_status":"closed","sticky":false,"template":"","format":"standard","meta":[],"categories":[1],"tags":[],"_links":{"self":[{"href":"https:\/\/blogs.elcomercio.es\/reflexiones-de-belarmino\/wp-json\/wp\/v2\/posts\/42571"}],"collection":[{"href":"https:\/\/blogs.elcomercio.es\/reflexiones-de-belarmino\/wp-json\/wp\/v2\/posts"}],"about":[{"href":"https:\/\/blogs.elcomercio.es\/reflexiones-de-belarmino\/wp-json\/wp\/v2\/types\/post"}],"author":[{"embeddable":true,"href":"https:\/\/blogs.elcomercio.es\/reflexiones-de-belarmino\/wp-json\/wp\/v2\/users\/16"}],"replies":[{"embeddable":true,"href":"https:\/\/blogs.elcomercio.es\/reflexiones-de-belarmino\/wp-json\/wp\/v2\/comments?post=42571"}],"version-history":[{"count":1,"href":"https:\/\/blogs.elcomercio.es\/reflexiones-de-belarmino\/wp-json\/wp\/v2\/posts\/42571\/revisions"}],"predecessor-version":[{"id":42572,"href":"https:\/\/blogs.elcomercio.es\/reflexiones-de-belarmino\/wp-json\/wp\/v2\/posts\/42571\/revisions\/42572"}],"wp:attachment":[{"href":"https:\/\/blogs.elcomercio.es\/reflexiones-de-belarmino\/wp-json\/wp\/v2\/media?parent=42571"}],"wp:term":[{"taxonomy":"category","embeddable":true,"href":"https:\/\/blogs.elcomercio.es\/reflexiones-de-belarmino\/wp-json\/wp\/v2\/categories?post=42571"},{"taxonomy":"post_tag","embeddable":true,"href":"https:\/\/blogs.elcomercio.es\/reflexiones-de-belarmino\/wp-json\/wp\/v2\/tags?post=42571"}],"curies":[{"name":"wp","href":"https:\/\/api.w.org\/{rel}","templated":true}]}}