{"id":42579,"date":"2025-04-21T18:07:53","date_gmt":"2025-04-21T16:07:53","guid":{"rendered":"https:\/\/blogs.elcomercio.es\/reflexiones-de-belarmino\/?p=42579"},"modified":"2025-04-21T18:07:54","modified_gmt":"2025-04-21T16:07:54","slug":"anticlerical-francisco-queria-sacar-a-jesucristo-de-manos-del-clero-y-entregarlo-al-pueblo-como-los-primigenios-cristianos-constantinoniceael-vaticano-i-y-el-va","status":"publish","type":"post","link":"https:\/\/blogs.elcomercio.es\/reflexiones-de-belarmino\/2025\/04\/21\/anticlerical-francisco-queria-sacar-a-jesucristo-de-manos-del-clero-y-entregarlo-al-pueblo-como-los-primigenios-cristianos-constantinoniceael-vaticano-i-y-el-va\/","title":{"rendered":"\u00a1\u00a1\u00a1\u00a1\u00a1\u00a1ANTICLERICAL, FRANCISCO QUER\u00cdA SACAR A JESUCRISTO DE MANOS DEL CLERO Y ENTREGARLO AL PUEBLO, COMO LOS PRIMIGENIOS CRISTIANOS.CONSTANTINO,NICEA,EL VATICANO I Y EL VATICANO II!!!"},"content":{"rendered":"\n<p>Jorge Bergoglio era m\u00e1s que un Papa cualquiera. Fu\u00e9 el primer Francisco de la historia; quis\u00f3 retomar a los cristianos primigenios suprimidos por Constantino que en NIcea,(325) convierte a la IGlesia en religi\u00f3n del imperio y de la clase dominante y ratificado por el Conciclio Vaticano I( 1869),eliminando a la ciencia y m\u00e1s tarde con Juan XXIII en el Concilio Vatiicano volver a los origenes(1962), y el quiere devolver la Iglesia a la modernidad y a sus origenes. De el es la frase &#8221; QUIERO DEVOLVER A JESUCRISTO EN MANOS DE CLERO Y ENTREGARSELOS AL PUEBLO&#8221;, que lo define totalmente.<\/p>\n\n\n\n<p>Hoy falleci\u00f3 el primer papa latinoamericano y jesuita, quien emprendo profundas reformas en 15 a\u00f1os de Papado, que para Benedicto XVI, al conocerlas de cerca,incapaz, como el reconoci\u00f3, abri\u00f3 las puertas al \u00faltimo Conclave, donde Bergoglio no es elegido por que si, sino por que todos los cardenales que habian elegido a Ratzinger recordaban su esplendido discurso y su modesto, al hacerse a un lado, y permitir que Ratzinger llegar\u00e1, ofreciendo sus votos.<\/p>\n\n\n\n<p>En en ese clave, no s\u00f3lo venci\u00f3 sino que convenci\u00f3.<\/p>\n\n\n\n<p>Y a partir de entonces, emprende las mayores reformas desde Juan XXIII, empezando por enfrentarse y destruir a la vieja Curia, a la quiebra econ\u00edmica de la IGlesia Cat\u00f3lica, al dejar que el Vaticano fuera un pais de levado de dinero.<\/p>\n\n\n\n<p>Pero, adem\u00e1s, de ello, traslado en sus 44 viajes a 66 paises, del centro a la periferia la presencia y organizaci\u00f3n del catolicismo. Viendo que esas reformas irritaban, fu\u00e9 d\u00eda a d\u00eda, formando lo que ser\u00e1 el Conclave que lo substituir\u00e1 De 128 cardenales menores de 80 a\u00f1os 110 fueron nombrados por Francisco. Nunca visit\u00f3 a Espa\u00f1a, recordando el papel que tuvo en los Legionarios de Cristo y al Opus Dei, a quienes destroz\u00f3 y expuls\u00f3 de la Iglesia.<\/p>\n\n\n\n<p>Finalmente, emprendido la Reforma de la Curia, la raiz de la pederastia en la IGlesia, y di\u00f3 entrada a laicos y mujeres.<\/p>\n\n\n\n<p>Por ello, empezando por Trump, era el m\u00e1s odiado de la extrema derecha mundial que quiere regresar a 1879, a enfrentarse a la ciencia, donde juegan un papel fundamental los Evangelistas.<\/p>\n\n\n\n<p>Hoy es un d\u00eda de jubilo de Trump, Millei, Abascal y todos los negacionistas. Pero lo ser\u00e1 por poco tiempo. Entre hoy y ma\u00f1ana se le trasladar\u00e1 del  Convento de Santa Marta a la Basilica de San Pedro.  Se sellar\u00e1 el Camarlengo sus habitaciones, rompera en 2 su  anillo y volver\u00e1 al El Vaticano, donde Francisco nunca quiso dormir una s\u00f3la noche, en donde usaba los elevadores publicos, no el suyo, sabedor de que para realizar su misi\u00f3n, PROFUNDA MISION, PROFUNDA TRANSFORMACION, ten\u00eda que estar VIVO, y El Vaticano y los intereses que iba a tocar pod\u00e1in impedirselo, y se traslado\u00b4al Convento de Santa Marta, donde ha vivido y comido sus 12 a\u00f1os de Papado.<\/p>\n\n\n\n<p>Todos los cardenales, los 128 menores de 80 a\u00f1os y los mayores est\u00e1n siendo citados a ciudad de El Vaticano, para sus funeral entre jueves y viernes y listos para iniciar el Conclave, el martes siguiente(semana de por medio).<\/p>\n\n\n\n<p>Por supuesto los moviles de todos los  cardenales mueven ficha. Los lobys se mueven desesperadamente. Vance recordar\u00e1 que manchar su papado al tener que recibirlo, en el discurso dej\u00f3 muy claro su apoyo a los emigrantes.<\/p>\n\n\n\n<p>Y ma\u00f1ana ser\u00e1 otro d\u00eda, y antes de que termine mayo habra nuevo Papa. Mantenemos, tener en cuenta, a Mateo Zuppi, a Pietro Parl\u00edn al hungaro amigo de Kirill y, por supuesto, no se puede olvidar a Luis Antonio TAGLE arzobispo de Filipinas, pero nadie sabe&#8230;&#8230;.Tantos intereses en juego&#8230;..<\/p>\n\n\n\n<p><\/p>\n<!-- AddThis Advanced Settings generic via filter on the_content --><!-- AddThis Share Buttons generic via filter on the_content -->","protected":false},"excerpt":{"rendered":"<p>Jorge Bergoglio era m\u00e1s que un Papa cualquiera. Fu\u00e9 el primer Francisco de la historia; quis\u00f3 retomar a los cristianos primigenios suprimidos por Constantino que en NIcea,(325) convierte a la IGlesia en religi\u00f3n del imperio y de la clase dominante y ratificado por el Conciclio Vaticano I( 1869),eliminando a la ciencia y m\u00e1s tarde con [&hellip;]<!-- AddThis Advanced Settings generic via filter on get_the_excerpt --><!-- AddThis Share Buttons generic via filter on get_the_excerpt --><\/p>\n","protected":false},"author":16,"featured_media":0,"comment_status":"open","ping_status":"closed","sticky":false,"template":"","format":"standard","meta":[],"categories":[1],"tags":[],"_links":{"self":[{"href":"https:\/\/blogs.elcomercio.es\/reflexiones-de-belarmino\/wp-json\/wp\/v2\/posts\/42579"}],"collection":[{"href":"https:\/\/blogs.elcomercio.es\/reflexiones-de-belarmino\/wp-json\/wp\/v2\/posts"}],"about":[{"href":"https:\/\/blogs.elcomercio.es\/reflexiones-de-belarmino\/wp-json\/wp\/v2\/types\/post"}],"author":[{"embeddable":true,"href":"https:\/\/blogs.elcomercio.es\/reflexiones-de-belarmino\/wp-json\/wp\/v2\/users\/16"}],"replies":[{"embeddable":true,"href":"https:\/\/blogs.elcomercio.es\/reflexiones-de-belarmino\/wp-json\/wp\/v2\/comments?post=42579"}],"version-history":[{"count":1,"href":"https:\/\/blogs.elcomercio.es\/reflexiones-de-belarmino\/wp-json\/wp\/v2\/posts\/42579\/revisions"}],"predecessor-version":[{"id":42580,"href":"https:\/\/blogs.elcomercio.es\/reflexiones-de-belarmino\/wp-json\/wp\/v2\/posts\/42579\/revisions\/42580"}],"wp:attachment":[{"href":"https:\/\/blogs.elcomercio.es\/reflexiones-de-belarmino\/wp-json\/wp\/v2\/media?parent=42579"}],"wp:term":[{"taxonomy":"category","embeddable":true,"href":"https:\/\/blogs.elcomercio.es\/reflexiones-de-belarmino\/wp-json\/wp\/v2\/categories?post=42579"},{"taxonomy":"post_tag","embeddable":true,"href":"https:\/\/blogs.elcomercio.es\/reflexiones-de-belarmino\/wp-json\/wp\/v2\/tags?post=42579"}],"curies":[{"name":"wp","href":"https:\/\/api.w.org\/{rel}","templated":true}]}}