{"id":42583,"date":"2025-04-22T09:55:10","date_gmt":"2025-04-22T07:55:10","guid":{"rendered":"https:\/\/blogs.elcomercio.es\/reflexiones-de-belarmino\/?p=42583"},"modified":"2025-04-22T09:55:11","modified_gmt":"2025-04-22T07:55:11","slug":"feliz-callado-netanyahu-disfruta-la-muerte-de-un-papa-que-lo-llamo-genocida-y-que-desde-octubre-cada-dia-a-las-7-de-la-noche-hasta-el-propio-domingo-llamaba-a-d","status":"publish","type":"post","link":"https:\/\/blogs.elcomercio.es\/reflexiones-de-belarmino\/2025\/04\/22\/feliz-callado-netanyahu-disfruta-la-muerte-de-un-papa-que-lo-llamo-genocida-y-que-desde-octubre-cada-dia-a-las-7-de-la-noche-hasta-el-propio-domingo-llamaba-a-d\/","title":{"rendered":"\u00a1\u00a1\u00a1\u00a1\u00a1FELIZ, CALLADO, NETANYAHU DISFRUTA LA MUERTE DE UN PAPA QUE LO LLAM\u00d3 &#8220;GENOCIDA&#8221; Y QUE, DESDE OCTUBRE, CADA D\u00cdA A LAS 7 DE LA NOCHE, HASTA EL PROPIO DOMINGO, LLAMABA A DARLE ANIMO A LOS GAZATIES !!!"},"content":{"rendered":"\n<p>Millones despedimos con respeto a uno de los grandes del siglo XX y al continuador de Juan XXIII. Sin embargo, hay muchos que han estado rezando por que muriera, aqu\u00ed mismo en Espa\u00f1a. Los Bannon, los Milei, los Trump, los Abascal, pero sobre todo Benjamin Netanyahu. Para \u00e9ste, aayer fue su gran d\u00eda. Mor\u00eda el Papa que lo llam\u00f3 &#8220;Genocida&#8221; y que desde octubre, a las 7 de la tarde, hasta su \u00faltimo domingo, llamaba a Gaza a darles aliento. &#8220;Cuidese mucho, le dec\u00edan &#8220;, &#8221; No cuidense ustedes &#8220;<\/p>\n<!-- AddThis Advanced Settings generic via filter on the_content --><!-- AddThis Share Buttons generic via filter on the_content -->","protected":false},"excerpt":{"rendered":"<p>Millones despedimos con respeto a uno de los grandes del siglo XX y al continuador de Juan XXIII. Sin embargo, hay muchos que han estado rezando por que muriera, aqu\u00ed mismo en Espa\u00f1a. Los Bannon, los Milei, los Trump, los Abascal, pero sobre todo Benjamin Netanyahu. Para \u00e9ste, aayer fue su gran d\u00eda. Mor\u00eda el [&hellip;]<!-- AddThis Advanced Settings generic via filter on get_the_excerpt --><!-- AddThis Share Buttons generic via filter on get_the_excerpt --><\/p>\n","protected":false},"author":16,"featured_media":0,"comment_status":"open","ping_status":"closed","sticky":false,"template":"","format":"standard","meta":[],"categories":[1],"tags":[],"_links":{"self":[{"href":"https:\/\/blogs.elcomercio.es\/reflexiones-de-belarmino\/wp-json\/wp\/v2\/posts\/42583"}],"collection":[{"href":"https:\/\/blogs.elcomercio.es\/reflexiones-de-belarmino\/wp-json\/wp\/v2\/posts"}],"about":[{"href":"https:\/\/blogs.elcomercio.es\/reflexiones-de-belarmino\/wp-json\/wp\/v2\/types\/post"}],"author":[{"embeddable":true,"href":"https:\/\/blogs.elcomercio.es\/reflexiones-de-belarmino\/wp-json\/wp\/v2\/users\/16"}],"replies":[{"embeddable":true,"href":"https:\/\/blogs.elcomercio.es\/reflexiones-de-belarmino\/wp-json\/wp\/v2\/comments?post=42583"}],"version-history":[{"count":1,"href":"https:\/\/blogs.elcomercio.es\/reflexiones-de-belarmino\/wp-json\/wp\/v2\/posts\/42583\/revisions"}],"predecessor-version":[{"id":42584,"href":"https:\/\/blogs.elcomercio.es\/reflexiones-de-belarmino\/wp-json\/wp\/v2\/posts\/42583\/revisions\/42584"}],"wp:attachment":[{"href":"https:\/\/blogs.elcomercio.es\/reflexiones-de-belarmino\/wp-json\/wp\/v2\/media?parent=42583"}],"wp:term":[{"taxonomy":"category","embeddable":true,"href":"https:\/\/blogs.elcomercio.es\/reflexiones-de-belarmino\/wp-json\/wp\/v2\/categories?post=42583"},{"taxonomy":"post_tag","embeddable":true,"href":"https:\/\/blogs.elcomercio.es\/reflexiones-de-belarmino\/wp-json\/wp\/v2\/tags?post=42583"}],"curies":[{"name":"wp","href":"https:\/\/api.w.org\/{rel}","templated":true}]}}