{"id":42587,"date":"2025-04-22T11:47:04","date_gmt":"2025-04-22T09:47:04","guid":{"rendered":"https:\/\/blogs.elcomercio.es\/reflexiones-de-belarmino\/?p=42587"},"modified":"2025-04-22T11:47:05","modified_gmt":"2025-04-22T09:47:05","slug":"de-belarmino-a-villa-que-venga-belarmino-a-valencia-dijo-azana-pues-no-voy-y-mando-a-amador-zugazagoitah-tomas-vanidoso-o-un-asturiano-cansado-de-que-siempre-los","status":"publish","type":"post","link":"https:\/\/blogs.elcomercio.es\/reflexiones-de-belarmino\/2025\/04\/22\/de-belarmino-a-villa-que-venga-belarmino-a-valencia-dijo-azana-pues-no-voy-y-mando-a-amador-zugazagoitah-tomas-vanidoso-o-un-asturiano-cansado-de-que-siempre-los\/","title":{"rendered":"\u00a1\u00a1\u00a1DE BELARMINO A VILLA.- &#8220;QUE  VENGA BELARMINO A VALENCIA&#8221; DIJO AZA\u00d1A, &#8220;PUES NO VOY Y MAND\u00d3 A AMADOR&#8221;. ZUGAZAGOITA(H.TOMAS), &#8220;VANIDOSO&#8221; O UN ASTURIANO CANSADO DE QUE SIEMPRE LOS DEJARON SOLOS, EN 34 Y EN EL DECRETO DE SOBERANIA PARA DEFENDER A LA REPUBLICA !!"},"content":{"rendered":"\n<p>Hugh  Tom\u00e1s, recoge lo que le dijo Juli\u00e1n Zugazagoitia. &#8221; \u00bfBelarmino Tom\u00e1s?.Un vanidoso.&#8221;Ser\u00e1 cierto o hay algo m\u00e1s. En octubre de 1934, en su mitin en el Ayuntamaiento de Lagreo, tras haber ido s\u00f3lo a Oviedo a ver al general L\u00f3pez Ochoa, de presentarse: &#8220;tenga ustes en cuenta que esta es una reuni\u00f2n entre generales.ustede el del ejercito, y yo el de los revolucionarios&#8221; ante miles de mineros, dijo: Nosotros, los asturianos heemos cumplido al llamadod del gobierno. El resto de Espa\u00f1a no se ha atrevido a tomar las armas.Hemos sido los \u00fanicos.&#8221;.La historia nos juzgar\u00e1<\/p>\n\n\n\n<p>Con ello en la mente, cuando tras ser elegido diputado y aquel 18 de julio, tras la traici\u00f3n de Aranda(&#8220;Apoyamos a la Republica. \u00a1\u00a1\u00a1Pronto, los 5,000 mejores hombre a Madrid, 2,000 salieron en el tren y 3,000 en auatobuses.!! \u00bf Y las armas, &#8230;.&#8221; !!en Leon se las entregan\u00a1\u00a1\u00a1&#8221; en cuento salieron de terreno asturiano aquel doble traidor(con la Republica y luego con Franco, aceptar un millon de dolares ingleses para no seguir a Franco), se levant\u00f3 en armas, sac\u00f3 a la tropa a Oviedo y se lanz\u00f3 contra una poblaci\u00f3n inerte, con tala rabia, que hasta el hijo de Clarin, no radical, rector de la Universidad fue fusilado.<\/p>\n\n\n\n<p>Ante la traici\u00f3n, toda Asturias, que habia ganado las elecciones en febrero de 1936, hasta Oviedo, se lanza a formar Comit\u00e9s de Defensa Popular, donde los principales son los de Gij\u00f3n y el Sama.Entre todos nombran a Belarmino Tom\u00e1s para encabezar la defensa. En diciembre Aza\u00f1a, aprueba el Consejo de Asturias y Le\u00f3n y se nombra a Belarmino Tom\u00e1s como presidente( en octubre, en documento del autor de aquella reuni\u00f3n que le di\u00f3 el ejercito en 2009, se reunieron 5 horas el Frente Popular para analizar por que se habia dejado pasar a los sgaallegos por Grao, donde reforzar\u00edan hasta el final a Oviedo. La defensa de Grao estaba en manos de Juan Ambou reponsable de Guerra y de loss compa\u00f1eros comunistas. Al final destituyenm a Juan Ambo y le asignan cultura).<\/p>\n\n\n\n<p>Con Belerrmino presidente y responsable de Guerra, el FRENTE NORTE, con cabeza en Gij\u00f3n, defiiende a la II Republica. Los vascos, caen , los c\u00e1ntabros de un telefonazo y s\u00f3lo quedan asturianos y leoneses.<\/p>\n\n\n\n<p>En 461, se gobern\u00f3 Asturias, se imprimi\u00f3a papel moneda(los Belarmino), se creo un sistema Postal Propio y sobre todo se prepar\u00f3 la defensa del terriitorio. Adolo Galland, responsable de la avizaci\u00f3n nazi, en sus memorias ecribi\u00f3, ya siendo con Hitler uno de sus lideres: &#8221; Las defensas asturianas nos sorprendieron. Eran superiores al escudo de acero vasco y tuvimos que lanzar una especie de Napalm sobre el pueblo asturiano(primero antes que en Vietnam).<\/p>\n\n\n\n<p>Aislados totalmente entre Valencia y el resto de los republicanos, en agosto de 1937, por considerar que era la mejor forma de defender la II Rpublica, Belarmino con el mismo arrojo de 1934 y con Amador a un lado DECLARA LA SOBERANIA EN ASTURIAS.<\/p>\n\n\n\n<p>Indignado ante esa acci\u00f3n, Manuel Aza\u00f1ana exigen que Belarmino vaya a Valencia a rendirle cuentas. Este no le hace caso, queda al frente y manda a Amador Fern\u00e1ndez en su lugar.<\/p>\n\n\n\n<p>Esto indign\u00f3 a Aza\u00f1a, y Juli\u00e1n Zugazagoitia, tambi\u00e9n exilado en M\u00e9xico, trasmiti\u00f3 su visi\u00f3n de Belarmino, al gran historiador H. Tom\u00e1s, donde la palabra que qued\u00f3 fu\u00e9 de vanidoso.<\/p>\n\n\n\n<p>\u00bf VANIDOSO o ASTURIANO CANSADO DE QUE SIEMPRE LOS DEJARAN SOLOS, de aquellos asturianos que fueron un ejemplo mundial?.<\/p>\n\n\n\n<p>Juzque usted.<\/p>\n\n\n\n<p>Los  socialistas, anarquistas y comunistas assturianos fueron un ejemplo no s\u00f3lo nacional, sino mundial.<\/p>\n\n\n\n<p>Por supuesto, cuando ya fallecido a los 58 a\u00f1os de un infarto y el grisu, Belarmino, que recorri\u00f3 media Am\u00e9rica Latina, para trasmitir la expriencia espa\u00f1aola enviado por la Internacional Minera, y que al mandar las nota de los gastos, dec\u00eda,: tanto de viajes de , viaticocos, 48 JORNALES DIARIOS, me deben ustdes 150 d\u00f3lares, que me urgen me lo reembolsen, tras lo cual, tras el franquismo, emerge el confidente del comisiario Delfino Ramos, el &#8220;Capo&#8221; Miguel Angel Fern\u00e1ndez Villa, que con el poder del SOMA ( creado por Manuel Llaneza en 1910, donde invit\u00f3, para \u00e9l &#8221; al Guaje&#8221; Belarmino Tom\u00e1s, a quien en 1919, le encarga la direcci\u00f3n del SOMA para la historica jornada de las 9 horas), utiliza ese poder, con el apoyo de Guerra, nombre a todos, prsidentes, alcaldes, jueces y convertido en el Capo, paracen los millones de euros en el extraanjero, faltando por saber lo que tengan Fernandez o Trev\u00edn oculto.<\/p>\n\n\n\n<p>Esa es la historia.<\/p>\n\n\n\n<p>De BELARMINO ROMAS a Villa, dos asturias, dos generaciones. Una vida de lucha y otra de politica &#8220;leght&#8221;. <\/p>\n\n\n\n<p>Vemos los resultados<\/p>\n\n\n\n<p><\/p>\n<!-- AddThis Advanced Settings generic via filter on the_content --><!-- AddThis Share Buttons generic via filter on the_content -->","protected":false},"excerpt":{"rendered":"<p>Hugh Tom\u00e1s, recoge lo que le dijo Juli\u00e1n Zugazagoitia. &#8221; \u00bfBelarmino Tom\u00e1s?.Un vanidoso.&#8221;Ser\u00e1 cierto o hay algo m\u00e1s. En octubre de 1934, en su mitin en el Ayuntamaiento de Lagreo, tras haber ido s\u00f3lo a Oviedo a ver al general L\u00f3pez Ochoa, de presentarse: &#8220;tenga ustes en cuenta que esta es una reuni\u00f2n entre generales.ustede [&hellip;]<!-- AddThis Advanced Settings generic via filter on get_the_excerpt --><!-- AddThis Share Buttons generic via filter on get_the_excerpt --><\/p>\n","protected":false},"author":16,"featured_media":0,"comment_status":"open","ping_status":"closed","sticky":false,"template":"","format":"standard","meta":[],"categories":[1],"tags":[],"_links":{"self":[{"href":"https:\/\/blogs.elcomercio.es\/reflexiones-de-belarmino\/wp-json\/wp\/v2\/posts\/42587"}],"collection":[{"href":"https:\/\/blogs.elcomercio.es\/reflexiones-de-belarmino\/wp-json\/wp\/v2\/posts"}],"about":[{"href":"https:\/\/blogs.elcomercio.es\/reflexiones-de-belarmino\/wp-json\/wp\/v2\/types\/post"}],"author":[{"embeddable":true,"href":"https:\/\/blogs.elcomercio.es\/reflexiones-de-belarmino\/wp-json\/wp\/v2\/users\/16"}],"replies":[{"embeddable":true,"href":"https:\/\/blogs.elcomercio.es\/reflexiones-de-belarmino\/wp-json\/wp\/v2\/comments?post=42587"}],"version-history":[{"count":1,"href":"https:\/\/blogs.elcomercio.es\/reflexiones-de-belarmino\/wp-json\/wp\/v2\/posts\/42587\/revisions"}],"predecessor-version":[{"id":42588,"href":"https:\/\/blogs.elcomercio.es\/reflexiones-de-belarmino\/wp-json\/wp\/v2\/posts\/42587\/revisions\/42588"}],"wp:attachment":[{"href":"https:\/\/blogs.elcomercio.es\/reflexiones-de-belarmino\/wp-json\/wp\/v2\/media?parent=42587"}],"wp:term":[{"taxonomy":"category","embeddable":true,"href":"https:\/\/blogs.elcomercio.es\/reflexiones-de-belarmino\/wp-json\/wp\/v2\/categories?post=42587"},{"taxonomy":"post_tag","embeddable":true,"href":"https:\/\/blogs.elcomercio.es\/reflexiones-de-belarmino\/wp-json\/wp\/v2\/tags?post=42587"}],"curies":[{"name":"wp","href":"https:\/\/api.w.org\/{rel}","templated":true}]}}