{"id":42651,"date":"2025-04-29T16:25:55","date_gmt":"2025-04-29T14:25:55","guid":{"rendered":"https:\/\/blogs.elcomercio.es\/reflexiones-de-belarmino\/?p=42651"},"modified":"2025-04-29T16:25:56","modified_gmt":"2025-04-29T14:25:56","slug":"la-verdad-saldra-a-la-luz-en-unos-dias-red-electrica-descarta-ciber-ataque-el-gobierno-no-descarta-nadaa-portugal-exige-investigar-a-bruselas","status":"publish","type":"post","link":"https:\/\/blogs.elcomercio.es\/reflexiones-de-belarmino\/2025\/04\/29\/la-verdad-saldra-a-la-luz-en-unos-dias-red-electrica-descarta-ciber-ataque-el-gobierno-no-descarta-nadaa-portugal-exige-investigar-a-bruselas\/","title":{"rendered":"\u00a1\u00a1\u00a1\u00a1LA VERDAD SALDR\u00c1 A LA LUZ EN UNOS DIAS.RED ELECTRICA DESCARTA CIBER ATAQUE, EL GOBIERNO NO DESCARTA NADAA, PORTUGAL EXIGE INVESTIGAR A BRUSELAS !!"},"content":{"rendered":"\n<p>Hay algo que no cuadra. Hoy sabemos que hace d\u00edas Repsol y las electricas avisaban de lo que podr\u00eda suceder. Los que no supimos,la inmensa mayor\u00eda, pensabamos que el \u00fanico que pod\u00eda haber intervenido, si asi fuera, era Israel por el pasado y como respuesta a la perdida de contratos de compra de armas..Al decir la empresa coordinadora que  &#8220;no habia  interferencia de fuera del pa\u00eds&#8221;, nos preocupamos m\u00e1s que un ciber ataque, por que en Espa\u00f1a, la cuarta econom\u00eda mundial, la sede de las grandes electricas, se hab\u00eda desplomado el sistema electrico provocando un caos nacional, que incidir\u00e1 en el PIB m\u00e1s que los aranceles de Trump.<\/p>\n\n\n\n<p>Por ello hace  bien el gobierno de ir hasta el final, sin descartar nada, aunque en el sistema privado tanto en la generaci\u00f3n de energ\u00eda, enfrentados las renovables con las no renovables y un Red Electrica, m\u00e1xima responsabilidad en Espa\u00f1a, tambi\u00e9n privada, cuya propietaria no ha aaparecido para nada, m\u00e1s que un funcionario.<\/p>\n\n\n\n<p>Pero, en Portugal hay un profundo malestar por que es Espa\u00f1a quien les abastece, y por supuesto Bruselas tendr\u00e1 que ir a fondo en la investigaci\u00f3n.<\/p>\n\n\n\n<p>Si no puede pasar en un p\u00e1is, menos en Europa, donde quiz\u00e1s los interses de las electricas han provocado tal da\u00f1o, a 47 millones de espa\u00f1oles, antes que Marruecos y Francia nos ayudaran.<\/p>\n<!-- AddThis Advanced Settings generic via filter on the_content --><!-- AddThis Share Buttons generic via filter on the_content -->","protected":false},"excerpt":{"rendered":"<p>Hay algo que no cuadra. Hoy sabemos que hace d\u00edas Repsol y las electricas avisaban de lo que podr\u00eda suceder. Los que no supimos,la inmensa mayor\u00eda, pensabamos que el \u00fanico que pod\u00eda haber intervenido, si asi fuera, era Israel por el pasado y como respuesta a la perdida de contratos de compra de armas..Al decir [&hellip;]<!-- AddThis Advanced Settings generic via filter on get_the_excerpt --><!-- AddThis Share Buttons generic via filter on get_the_excerpt --><\/p>\n","protected":false},"author":16,"featured_media":0,"comment_status":"open","ping_status":"closed","sticky":false,"template":"","format":"standard","meta":[],"categories":[1],"tags":[],"_links":{"self":[{"href":"https:\/\/blogs.elcomercio.es\/reflexiones-de-belarmino\/wp-json\/wp\/v2\/posts\/42651"}],"collection":[{"href":"https:\/\/blogs.elcomercio.es\/reflexiones-de-belarmino\/wp-json\/wp\/v2\/posts"}],"about":[{"href":"https:\/\/blogs.elcomercio.es\/reflexiones-de-belarmino\/wp-json\/wp\/v2\/types\/post"}],"author":[{"embeddable":true,"href":"https:\/\/blogs.elcomercio.es\/reflexiones-de-belarmino\/wp-json\/wp\/v2\/users\/16"}],"replies":[{"embeddable":true,"href":"https:\/\/blogs.elcomercio.es\/reflexiones-de-belarmino\/wp-json\/wp\/v2\/comments?post=42651"}],"version-history":[{"count":1,"href":"https:\/\/blogs.elcomercio.es\/reflexiones-de-belarmino\/wp-json\/wp\/v2\/posts\/42651\/revisions"}],"predecessor-version":[{"id":42652,"href":"https:\/\/blogs.elcomercio.es\/reflexiones-de-belarmino\/wp-json\/wp\/v2\/posts\/42651\/revisions\/42652"}],"wp:attachment":[{"href":"https:\/\/blogs.elcomercio.es\/reflexiones-de-belarmino\/wp-json\/wp\/v2\/media?parent=42651"}],"wp:term":[{"taxonomy":"category","embeddable":true,"href":"https:\/\/blogs.elcomercio.es\/reflexiones-de-belarmino\/wp-json\/wp\/v2\/categories?post=42651"},{"taxonomy":"post_tag","embeddable":true,"href":"https:\/\/blogs.elcomercio.es\/reflexiones-de-belarmino\/wp-json\/wp\/v2\/tags?post=42651"}],"curies":[{"name":"wp","href":"https:\/\/api.w.org\/{rel}","templated":true}]}}