{"id":42653,"date":"2025-04-29T16:34:45","date_gmt":"2025-04-29T14:34:45","guid":{"rendered":"https:\/\/blogs.elcomercio.es\/reflexiones-de-belarmino\/?p=42653"},"modified":"2025-04-29T16:34:46","modified_gmt":"2025-04-29T14:34:46","slug":"el-cardenal-becciu-condenado-por-malversacion-y-lavado-de-dinero-presionado-por-el-resto-de-los-cardenales-renuncia-y-se-va","status":"publish","type":"post","link":"https:\/\/blogs.elcomercio.es\/reflexiones-de-belarmino\/2025\/04\/29\/el-cardenal-becciu-condenado-por-malversacion-y-lavado-de-dinero-presionado-por-el-resto-de-los-cardenales-renuncia-y-se-va\/","title":{"rendered":"\u00a1\u00a1\u00a1\u00a1\u00a1EL  CARDENAL BECCIU, CONDENADO POR MALVERSACION Y LAVADO DE DINERO, PRESIONADO POR EL RESTO DE LOS CARDENALES, RENUNCIA Y SE VA !!!"},"content":{"rendered":"\n<p>Primer triunfo de los cardenales seeguidores del proyecto de Francisco: hoy, rechazado, &#8221; y para evitar problemas didjo&#8221;, el cardenal Becciu condeenado por el Vaticano a 5 a\u00f1os de c\u00e1rcel y que quis\u00f3 entrar a la fuerza, hasta que Parolin saca\u00f3 del escritorio las dos cartas de Francisco pidiendo que no participase.<\/p>\n\n\n\n<p>Empieza el 6 de mayo, y todo hace preveer, que ser\u00e1 un Conclave corto, quiz\u00e1s un par de d\u00edas.<\/p>\n<!-- AddThis Advanced Settings generic via filter on the_content --><!-- AddThis Share Buttons generic via filter on the_content -->","protected":false},"excerpt":{"rendered":"<p>Primer triunfo de los cardenales seeguidores del proyecto de Francisco: hoy, rechazado, &#8221; y para evitar problemas didjo&#8221;, el cardenal Becciu condeenado por el Vaticano a 5 a\u00f1os de c\u00e1rcel y que quis\u00f3 entrar a la fuerza, hasta que Parolin saca\u00f3 del escritorio las dos cartas de Francisco pidiendo que no participase. Empieza el 6 [&hellip;]<!-- AddThis Advanced Settings generic via filter on get_the_excerpt --><!-- AddThis Share Buttons generic via filter on get_the_excerpt --><\/p>\n","protected":false},"author":16,"featured_media":0,"comment_status":"open","ping_status":"closed","sticky":false,"template":"","format":"standard","meta":[],"categories":[1],"tags":[],"_links":{"self":[{"href":"https:\/\/blogs.elcomercio.es\/reflexiones-de-belarmino\/wp-json\/wp\/v2\/posts\/42653"}],"collection":[{"href":"https:\/\/blogs.elcomercio.es\/reflexiones-de-belarmino\/wp-json\/wp\/v2\/posts"}],"about":[{"href":"https:\/\/blogs.elcomercio.es\/reflexiones-de-belarmino\/wp-json\/wp\/v2\/types\/post"}],"author":[{"embeddable":true,"href":"https:\/\/blogs.elcomercio.es\/reflexiones-de-belarmino\/wp-json\/wp\/v2\/users\/16"}],"replies":[{"embeddable":true,"href":"https:\/\/blogs.elcomercio.es\/reflexiones-de-belarmino\/wp-json\/wp\/v2\/comments?post=42653"}],"version-history":[{"count":1,"href":"https:\/\/blogs.elcomercio.es\/reflexiones-de-belarmino\/wp-json\/wp\/v2\/posts\/42653\/revisions"}],"predecessor-version":[{"id":42654,"href":"https:\/\/blogs.elcomercio.es\/reflexiones-de-belarmino\/wp-json\/wp\/v2\/posts\/42653\/revisions\/42654"}],"wp:attachment":[{"href":"https:\/\/blogs.elcomercio.es\/reflexiones-de-belarmino\/wp-json\/wp\/v2\/media?parent=42653"}],"wp:term":[{"taxonomy":"category","embeddable":true,"href":"https:\/\/blogs.elcomercio.es\/reflexiones-de-belarmino\/wp-json\/wp\/v2\/categories?post=42653"},{"taxonomy":"post_tag","embeddable":true,"href":"https:\/\/blogs.elcomercio.es\/reflexiones-de-belarmino\/wp-json\/wp\/v2\/tags?post=42653"}],"curies":[{"name":"wp","href":"https:\/\/api.w.org\/{rel}","templated":true}]}}