{"id":42655,"date":"2025-04-29T16:50:54","date_gmt":"2025-04-29T14:50:54","guid":{"rendered":"https:\/\/blogs.elcomercio.es\/reflexiones-de-belarmino\/?p=42655"},"modified":"2025-04-29T16:50:54","modified_gmt":"2025-04-29T14:50:54","slug":"el-fondo-monetario-no-entiende-nada-de-lo-que-pasa-en-mexico-el-pais-crecera-y-todavia-se-negocia-con-ee-uu-los-aranceles-o-no-del-acero-alumino-e-industria-aitomotri","status":"publish","type":"post","link":"https:\/\/blogs.elcomercio.es\/reflexiones-de-belarmino\/2025\/04\/29\/el-fondo-monetario-no-entiende-nada-de-lo-que-pasa-en-mexico-el-pais-crecera-y-todavia-se-negocia-con-ee-uu-los-aranceles-o-no-del-acero-alumino-e-industria-aitomotri\/","title":{"rendered":"\u00a1\u00a1\u00a1\u00a1&#8221; EL FONDO MONETARIO NO ENTIENDE NADA DE LO QUE PASA EN MEXICO&#8221;, &#8221; EL PAIS CRECER\u00c1 Y TODAVIA SE NEGOCIA CON EE.UU.LOS ARANCELES O NO DEL ACERO, ALUMINO E INDUSTRIA AITOMOTRIZ, DADO QUE EL RESTO NO TENDR\u00c1N NO LOS TENDR\u00c1N.&#8221;. CLAUDIA SHEINBAUM !!!!"},"content":{"rendered":"\n<p>Molesta con las declaraciones deel Fondo Monetario Internacional que pronostica, por el 25 % de los aranceles de EE:UU, que M\u00e9xico entrar\u00e1 en recesi\u00f3n, dijo ayer: &#8221; EL FMI NO ENTIENDE NADA DE LO QUE EST\u00c1 PASANDO EN M\u00c9XICO&#8221;, y explic\u00f3 que, dado que en el acero y el aluminio, M\u00e9xico tendr\u00eda que cobrarle aranceles a los EE:UU, y los EE:UU por la industria automotriz a M\u00e9xico, , se sigue en las negociaciones. En el resto no hay aranceles,y explic\u00f3 las inversiones en construcciones y en los 10 polos de desarrollo del Tren Interoceanico, para eliminar no s\u00f3lo el riesgo de recesi\u00f3n, sino pronosticando ele crecimiento del pa\u00eds.<\/p>\n\n\n\n<p><\/p>\n<!-- AddThis Advanced Settings generic via filter on the_content --><!-- AddThis Share Buttons generic via filter on the_content -->","protected":false},"excerpt":{"rendered":"<p>Molesta con las declaraciones deel Fondo Monetario Internacional que pronostica, por el 25 % de los aranceles de EE:UU, que M\u00e9xico entrar\u00e1 en recesi\u00f3n, dijo ayer: &#8221; EL FMI NO ENTIENDE NADA DE LO QUE EST\u00c1 PASANDO EN M\u00c9XICO&#8221;, y explic\u00f3 que, dado que en el acero y el aluminio, M\u00e9xico tendr\u00eda que cobrarle aranceles [&hellip;]<!-- AddThis Advanced Settings generic via filter on get_the_excerpt --><!-- AddThis Share Buttons generic via filter on get_the_excerpt --><\/p>\n","protected":false},"author":16,"featured_media":0,"comment_status":"open","ping_status":"closed","sticky":false,"template":"","format":"standard","meta":[],"categories":[1],"tags":[],"_links":{"self":[{"href":"https:\/\/blogs.elcomercio.es\/reflexiones-de-belarmino\/wp-json\/wp\/v2\/posts\/42655"}],"collection":[{"href":"https:\/\/blogs.elcomercio.es\/reflexiones-de-belarmino\/wp-json\/wp\/v2\/posts"}],"about":[{"href":"https:\/\/blogs.elcomercio.es\/reflexiones-de-belarmino\/wp-json\/wp\/v2\/types\/post"}],"author":[{"embeddable":true,"href":"https:\/\/blogs.elcomercio.es\/reflexiones-de-belarmino\/wp-json\/wp\/v2\/users\/16"}],"replies":[{"embeddable":true,"href":"https:\/\/blogs.elcomercio.es\/reflexiones-de-belarmino\/wp-json\/wp\/v2\/comments?post=42655"}],"version-history":[{"count":1,"href":"https:\/\/blogs.elcomercio.es\/reflexiones-de-belarmino\/wp-json\/wp\/v2\/posts\/42655\/revisions"}],"predecessor-version":[{"id":42656,"href":"https:\/\/blogs.elcomercio.es\/reflexiones-de-belarmino\/wp-json\/wp\/v2\/posts\/42655\/revisions\/42656"}],"wp:attachment":[{"href":"https:\/\/blogs.elcomercio.es\/reflexiones-de-belarmino\/wp-json\/wp\/v2\/media?parent=42655"}],"wp:term":[{"taxonomy":"category","embeddable":true,"href":"https:\/\/blogs.elcomercio.es\/reflexiones-de-belarmino\/wp-json\/wp\/v2\/categories?post=42655"},{"taxonomy":"post_tag","embeddable":true,"href":"https:\/\/blogs.elcomercio.es\/reflexiones-de-belarmino\/wp-json\/wp\/v2\/tags?post=42655"}],"curies":[{"name":"wp","href":"https:\/\/api.w.org\/{rel}","templated":true}]}}