{"id":42657,"date":"2025-04-29T17:30:16","date_gmt":"2025-04-29T15:30:16","guid":{"rendered":"https:\/\/blogs.elcomercio.es\/reflexiones-de-belarmino\/?p=42657"},"modified":"2025-04-29T17:30:17","modified_gmt":"2025-04-29T15:30:17","slug":"hoy-a-las-11-30-mx-se-realizara-un-simulacro-nacional-para-emergencias-en-ciudad-de-mexicollegara-directamente-al-movil-de-9-millones","status":"publish","type":"post","link":"https:\/\/blogs.elcomercio.es\/reflexiones-de-belarmino\/2025\/04\/29\/hoy-a-las-11-30-mx-se-realizara-un-simulacro-nacional-para-emergencias-en-ciudad-de-mexicollegara-directamente-al-movil-de-9-millones\/","title":{"rendered":"\u00a1\u00a1\u00a1\u00a1HOY, A LAS 11.30 MX. SE REALIZAR\u00c1 UN SIMULACRO NACIONAL PARA EMERGENCIAS. EN CIUDAD DE M\u00c9XICO,LLEGAR\u00c1 DIRECTAMENTE AL MOVIL DE 9 MILLONES !!!"},"content":{"rendered":"\n<p>Ya integrado, el Comit\u00e9 Nacional de Emergencias, integrado por todos los 32 gobernadores,responsanbles de protecci\u00f3n civil, el ejercito, la armadaa y la guardia nacional, hoy se realizar\u00e1 en TODO EL PAIS UN SIMULACRO NACIONAL PARA EMERGENCIAS. Donde en existir\u00e1n alarmas sismicas en todos los estadaos con ese `problema. En ciudad de M\u00e9xico, con 9 millones de habitantes, la alarma llegar\u00e1 directamente a los m\u00f3viles<\/p>\n<!-- AddThis Advanced Settings generic via filter on the_content --><!-- AddThis Share Buttons generic via filter on the_content -->","protected":false},"excerpt":{"rendered":"<p>Ya integrado, el Comit\u00e9 Nacional de Emergencias, integrado por todos los 32 gobernadores,responsanbles de protecci\u00f3n civil, el ejercito, la armadaa y la guardia nacional, hoy se realizar\u00e1 en TODO EL PAIS UN SIMULACRO NACIONAL PARA EMERGENCIAS. Donde en existir\u00e1n alarmas sismicas en todos los estadaos con ese `problema. En ciudad de M\u00e9xico, con 9 millones [&hellip;]<!-- AddThis Advanced Settings generic via filter on get_the_excerpt --><!-- AddThis Share Buttons generic via filter on get_the_excerpt --><\/p>\n","protected":false},"author":16,"featured_media":0,"comment_status":"open","ping_status":"closed","sticky":false,"template":"","format":"standard","meta":[],"categories":[1],"tags":[],"_links":{"self":[{"href":"https:\/\/blogs.elcomercio.es\/reflexiones-de-belarmino\/wp-json\/wp\/v2\/posts\/42657"}],"collection":[{"href":"https:\/\/blogs.elcomercio.es\/reflexiones-de-belarmino\/wp-json\/wp\/v2\/posts"}],"about":[{"href":"https:\/\/blogs.elcomercio.es\/reflexiones-de-belarmino\/wp-json\/wp\/v2\/types\/post"}],"author":[{"embeddable":true,"href":"https:\/\/blogs.elcomercio.es\/reflexiones-de-belarmino\/wp-json\/wp\/v2\/users\/16"}],"replies":[{"embeddable":true,"href":"https:\/\/blogs.elcomercio.es\/reflexiones-de-belarmino\/wp-json\/wp\/v2\/comments?post=42657"}],"version-history":[{"count":1,"href":"https:\/\/blogs.elcomercio.es\/reflexiones-de-belarmino\/wp-json\/wp\/v2\/posts\/42657\/revisions"}],"predecessor-version":[{"id":42658,"href":"https:\/\/blogs.elcomercio.es\/reflexiones-de-belarmino\/wp-json\/wp\/v2\/posts\/42657\/revisions\/42658"}],"wp:attachment":[{"href":"https:\/\/blogs.elcomercio.es\/reflexiones-de-belarmino\/wp-json\/wp\/v2\/media?parent=42657"}],"wp:term":[{"taxonomy":"category","embeddable":true,"href":"https:\/\/blogs.elcomercio.es\/reflexiones-de-belarmino\/wp-json\/wp\/v2\/categories?post=42657"},{"taxonomy":"post_tag","embeddable":true,"href":"https:\/\/blogs.elcomercio.es\/reflexiones-de-belarmino\/wp-json\/wp\/v2\/tags?post=42657"}],"curies":[{"name":"wp","href":"https:\/\/api.w.org\/{rel}","templated":true}]}}