{"id":42661,"date":"2025-04-30T09:34:33","date_gmt":"2025-04-30T07:34:33","guid":{"rendered":"https:\/\/blogs.elcomercio.es\/reflexiones-de-belarmino\/?p=42661"},"modified":"2025-04-30T09:34:34","modified_gmt":"2025-04-30T07:34:34","slug":"las-areas-estategicas-del-pais-como-la-electricidad-no-pueden-estar-bajo-el-control-privado-de-la-oferta-y-la-demanda","status":"publish","type":"post","link":"https:\/\/blogs.elcomercio.es\/reflexiones-de-belarmino\/2025\/04\/30\/las-areas-estategicas-del-pais-como-la-electricidad-no-pueden-estar-bajo-el-control-privado-de-la-oferta-y-la-demanda\/","title":{"rendered":"\u00a1\u00a1\u00a1\u00a1 LAS AREAS ESTATEGICAS DEL PAIS, COMO LA ELECTRICIDAD, NO PUEDEN ESTAR BAJO EL CONTROL PRIVADO DE LA OFERTA Y LA DEMANDA !!!"},"content":{"rendered":"\n<p>Ha quedado claro. Las areas estret\u00e9gicas de un gobierno que se precie no puede quedar en manos de 5 consejos de addministraci\u00f3n que se gu\u00edan por los costos y beneficios, como es el caso de la electricidad.Tanto Red Electrica, privatizada por el gobierno de Aznar en 1998, como las creadoras de la energ\u00eda, en Espa\u00f1a, est\u00e1n totalmente sujetas a la ofertaa y la demanda, por ello cuando se da un apag\u00f3n total como anteayer, ni el propio presidente del Gobierno tiene la informaci\u00f3n de loque pas\u00f3 entre las renovables, las nucleares ni la propia coordinadora , tambi\u00e9n privada, con Red Electrica.<\/p>\n\n\n\n<p>El problema es que lo estrategico, como la sanidad, la educaci\u00f3n, la electricidad tienen que estar en manos del Estado, responsable de todo lo que suceda en el pa\u00eds.<\/p>\n\n\n\n<p>NO basta llamarles la atenci\u00f3n; no basta una ainmvestigaci\u00f3 profunda que puede tardar meses, habr\u00eda que ir a la raiz del problema producido por el neoliberalismo.<\/p>\n\n\n\n<p>Se vi\u00f3 hasta que niveles, las intocables electricas espa\u00f1olas, por donde han pasado por su puertas giratorias ex presidentes del gobnierno como Gonzalez y Aznar, ministros, que tienen toda la informaci\u00f3n del pa\u00eds a caambio de las remuneraciones de las electricas, tienen sometidos, como la banca, el poder judicial heeredra del franquismo, la Iglesia y los grandes latifundios, a los casi 50 millones de espa\u00f1oles.<\/p>\n<!-- AddThis Advanced Settings generic via filter on the_content --><!-- AddThis Share Buttons generic via filter on the_content -->","protected":false},"excerpt":{"rendered":"<p>Ha quedado claro. Las areas estret\u00e9gicas de un gobierno que se precie no puede quedar en manos de 5 consejos de addministraci\u00f3n que se gu\u00edan por los costos y beneficios, como es el caso de la electricidad.Tanto Red Electrica, privatizada por el gobierno de Aznar en 1998, como las creadoras de la energ\u00eda, en Espa\u00f1a, [&hellip;]<!-- AddThis Advanced Settings generic via filter on get_the_excerpt --><!-- AddThis Share Buttons generic via filter on get_the_excerpt --><\/p>\n","protected":false},"author":16,"featured_media":0,"comment_status":"open","ping_status":"closed","sticky":false,"template":"","format":"standard","meta":[],"categories":[1],"tags":[],"_links":{"self":[{"href":"https:\/\/blogs.elcomercio.es\/reflexiones-de-belarmino\/wp-json\/wp\/v2\/posts\/42661"}],"collection":[{"href":"https:\/\/blogs.elcomercio.es\/reflexiones-de-belarmino\/wp-json\/wp\/v2\/posts"}],"about":[{"href":"https:\/\/blogs.elcomercio.es\/reflexiones-de-belarmino\/wp-json\/wp\/v2\/types\/post"}],"author":[{"embeddable":true,"href":"https:\/\/blogs.elcomercio.es\/reflexiones-de-belarmino\/wp-json\/wp\/v2\/users\/16"}],"replies":[{"embeddable":true,"href":"https:\/\/blogs.elcomercio.es\/reflexiones-de-belarmino\/wp-json\/wp\/v2\/comments?post=42661"}],"version-history":[{"count":1,"href":"https:\/\/blogs.elcomercio.es\/reflexiones-de-belarmino\/wp-json\/wp\/v2\/posts\/42661\/revisions"}],"predecessor-version":[{"id":42662,"href":"https:\/\/blogs.elcomercio.es\/reflexiones-de-belarmino\/wp-json\/wp\/v2\/posts\/42661\/revisions\/42662"}],"wp:attachment":[{"href":"https:\/\/blogs.elcomercio.es\/reflexiones-de-belarmino\/wp-json\/wp\/v2\/media?parent=42661"}],"wp:term":[{"taxonomy":"category","embeddable":true,"href":"https:\/\/blogs.elcomercio.es\/reflexiones-de-belarmino\/wp-json\/wp\/v2\/categories?post=42661"},{"taxonomy":"post_tag","embeddable":true,"href":"https:\/\/blogs.elcomercio.es\/reflexiones-de-belarmino\/wp-json\/wp\/v2\/tags?post=42661"}],"curies":[{"name":"wp","href":"https:\/\/api.w.org\/{rel}","templated":true}]}}