{"id":42668,"date":"2025-04-30T16:24:25","date_gmt":"2025-04-30T14:24:25","guid":{"rendered":"https:\/\/blogs.elcomercio.es\/reflexiones-de-belarmino\/?p=42668"},"modified":"2025-04-30T16:24:26","modified_gmt":"2025-04-30T14:24:26","slug":"la-mayor-crisis-de-la-historia-de-mexico-la-causo-ernesto-zedillo-al-vender-toda-la-banca-a-santander-bbva-city-group-y-para-entregarla-limpia-le-costo-al-pais","status":"publish","type":"post","link":"https:\/\/blogs.elcomercio.es\/reflexiones-de-belarmino\/2025\/04\/30\/la-mayor-crisis-de-la-historia-de-mexico-la-causo-ernesto-zedillo-al-vender-toda-la-banca-a-santander-bbva-city-group-y-para-entregarla-limpia-le-costo-al-pais\/","title":{"rendered":"\u00a1\u00a1\u00a1\u00a1&#8221; LA MAYOR CRISIS DE LA HISTORIA DE MEXICO, LA CAUS\u00d3  ERNESTO ZEDILLO, AL VENDER TODA LA BANCA A SANTANDER, BBVA, CITY GROUP,&#8221; Y PARA ENTREGARLA &#8220;LIMPIA&#8221; LE COST\u00d3 AL PAIS, 100,000 MILLONES DE D\u00d3LARES, CUYA DEUDA HA SIDO DE 100,000 MILLONES DE DOLARES&#8221;,. PRESIDENTA CLAUDIA SHEINBAUM !!"},"content":{"rendered":"\n<p>De que tama\u00f1o fu\u00e9 el saqueo de aquellos ex presidentes neoliberales ( Salinas, Zedillo, Fox, Calderon y Pe\u00f1a Nieto, lo indica lo realizado por el presidente ERnesto Zedillo, hoy el gran opositor a la elecci\u00f3n delm Poder Judicial el 1 de junio del 2025, quiz\u00e1s preocupado por algo, quiz\u00e1s por alguna investigaci\u00f3n.<\/p>\n\n\n\n<p>Este presidente, lo primero que hizo al substituir a Carlos Salinas de Gortari, tras asesinar, \u00e9ste, al candidadto del PRI Luis Donaldo Colosio, fue acabar con la Supreema Corte de Justicia, destituyendo el Poder Judicial para proteger a su benefacator Salinas.<\/p>\n\n\n\n<p>Pero, vendiendo todo, nunca olvidamos el FOBAPROA. Puso a la venta toda la banca mexicana, la que adquirieron SANTANDER, BBVA Y CITY GROUP, pero estos bancos la quer\u00edan limpia tras la gran crisis mundial que provocaron en 1994 tanto \u00e9l como Salinas(ese s\u00e1bado, el secretario de Hacienda de Zedillo, Jaime Serra Puche,que habia sido secretario de este autor al frente de la Federaci\u00f3n de Alumnos de la Universidad Iberoamericana y que sigui\u00f3 el camino de entrar al sistema)filtr\u00f3 un s\u00e1bado,su primer s\u00e1bado, que el lunes se devaluaba el peso, y se escaparon de inmediato 60,000 milloness de d\u00f3lares a Asia, pero que eran parte del Fondo de Pensiones de trabajadores norteamericanos y que de inmediato el presidente de EE:UU, prest\u00f3 esos 60,000 millones de d\u00f3lares.<\/p>\n\n\n\n<p>Atrapado, Zedillo vendi\u00f3 a estos tres bancos toda la banca mexicana, pero como la quer\u00edan libre, saneadas, creo el FOBAPROA, que pagan todav\u00eda mis hijas, de 100,000 millones de d\u00f3lares y que hoy, la presidenta Scheinbaum expres\u00f3 que ha sido la mayaor crisis en la historia de M\u00e9xico y que see ha llevado un equivalente al 9.4 del PIB.<\/p>\n\n\n\n<p>De ese tama\u00f1o.<\/p>\n<!-- AddThis Advanced Settings generic via filter on the_content --><!-- AddThis Share Buttons generic via filter on the_content -->","protected":false},"excerpt":{"rendered":"<p>De que tama\u00f1o fu\u00e9 el saqueo de aquellos ex presidentes neoliberales ( Salinas, Zedillo, Fox, Calderon y Pe\u00f1a Nieto, lo indica lo realizado por el presidente ERnesto Zedillo, hoy el gran opositor a la elecci\u00f3n delm Poder Judicial el 1 de junio del 2025, quiz\u00e1s preocupado por algo, quiz\u00e1s por alguna investigaci\u00f3n. Este presidente, lo [&hellip;]<!-- AddThis Advanced Settings generic via filter on get_the_excerpt --><!-- AddThis Share Buttons generic via filter on get_the_excerpt --><\/p>\n","protected":false},"author":16,"featured_media":0,"comment_status":"open","ping_status":"closed","sticky":false,"template":"","format":"standard","meta":[],"categories":[1],"tags":[],"_links":{"self":[{"href":"https:\/\/blogs.elcomercio.es\/reflexiones-de-belarmino\/wp-json\/wp\/v2\/posts\/42668"}],"collection":[{"href":"https:\/\/blogs.elcomercio.es\/reflexiones-de-belarmino\/wp-json\/wp\/v2\/posts"}],"about":[{"href":"https:\/\/blogs.elcomercio.es\/reflexiones-de-belarmino\/wp-json\/wp\/v2\/types\/post"}],"author":[{"embeddable":true,"href":"https:\/\/blogs.elcomercio.es\/reflexiones-de-belarmino\/wp-json\/wp\/v2\/users\/16"}],"replies":[{"embeddable":true,"href":"https:\/\/blogs.elcomercio.es\/reflexiones-de-belarmino\/wp-json\/wp\/v2\/comments?post=42668"}],"version-history":[{"count":1,"href":"https:\/\/blogs.elcomercio.es\/reflexiones-de-belarmino\/wp-json\/wp\/v2\/posts\/42668\/revisions"}],"predecessor-version":[{"id":42669,"href":"https:\/\/blogs.elcomercio.es\/reflexiones-de-belarmino\/wp-json\/wp\/v2\/posts\/42668\/revisions\/42669"}],"wp:attachment":[{"href":"https:\/\/blogs.elcomercio.es\/reflexiones-de-belarmino\/wp-json\/wp\/v2\/media?parent=42668"}],"wp:term":[{"taxonomy":"category","embeddable":true,"href":"https:\/\/blogs.elcomercio.es\/reflexiones-de-belarmino\/wp-json\/wp\/v2\/categories?post=42668"},{"taxonomy":"post_tag","embeddable":true,"href":"https:\/\/blogs.elcomercio.es\/reflexiones-de-belarmino\/wp-json\/wp\/v2\/tags?post=42668"}],"curies":[{"name":"wp","href":"https:\/\/api.w.org\/{rel}","templated":true}]}}