{"id":42670,"date":"2025-04-30T16:37:32","date_gmt":"2025-04-30T14:37:32","guid":{"rendered":"https:\/\/blogs.elcomercio.es\/reflexiones-de-belarmino\/?p=42670"},"modified":"2025-04-30T16:37:32","modified_gmt":"2025-04-30T14:37:32","slug":"beatriz-corredor-los-574000-euros-anuales-responsable-de-red-electrica-y-las-electricas-la-negativa-a-entregar-toda-la-informacion-al-presidente-sanchez-para-investigar-y","status":"publish","type":"post","link":"https:\/\/blogs.elcomercio.es\/reflexiones-de-belarmino\/2025\/04\/30\/beatriz-corredor-los-574000-euros-anuales-responsable-de-red-electrica-y-las-electricas-la-negativa-a-entregar-toda-la-informacion-al-presidente-sanchez-para-investigar-y\/","title":{"rendered":"\u00a1\u00a1\u00a1\u00a1BEATRIZ CORREDOR, LOS 574,000 EUROS ANUALES, RESPONSABLE DE RED ELECTRICA, Y LAS ELECTRICAS, LA NEGATIVA A ENTREGAR TODA LA INFORMACI\u00d3N AL PRESIDENTE SANCHEZ PARA INVESTIGAR Y, \u00bfQUE PAS\u00d3?.SOLO ELLA Y CINCO CONSEJOS DE ADDMINISTRACI\u00d3N LO SABEN. TIENE QUE HABER RESPONSABILIDADES !!!"},"content":{"rendered":"\n<p>Aznar privatiz\u00f3 Red Electrica, las electricas han hecho lo que eles han dado la gana en Espa\u00f1a sometiendo a toda la sociedad, ala ser los amos de los politicos. Beatriz Corredor, del PSOE, experta en Vivienda, fue colocada al frente por Zapatero, con s\u00f3lo el 20 % el gobierno de su accionariado.<\/p>\n\n\n\n<p>Se viene un enfrentamiento. Nadie resulta culpable, pero el PUEBLO ESPA\u00d1OL SACO SU NOBLEZA y eenfrent\u00f3 como lo hizo en la COVID, en la DANA, y ahora en APAGON, y este es responsabilidad de esa minor\u00eda, cuando parece que no hubo un cibeerataque, que la mayor\u00eda considera que no fue as\u00ed,y hoy en la ma\u00f1ana el Presidente envi\u00f3 un documento para exigir tanto aa Red Electricas, como a las elctrircas, toda la informaci\u00f3n que 48 horas despu\u00e9s nadie a entregado.<\/p>\n\n\n\n<p>La se\u00f1ora Corredor, gana 546,000 euros al a\u00f1o.<\/p>\n\n\n\n<p>Confiamos en el Gobiernro en que encuentre los  responsables y que caiga quien caiga.<\/p>\n<!-- AddThis Advanced Settings generic via filter on the_content --><!-- AddThis Share Buttons generic via filter on the_content -->","protected":false},"excerpt":{"rendered":"<p>Aznar privatiz\u00f3 Red Electrica, las electricas han hecho lo que eles han dado la gana en Espa\u00f1a sometiendo a toda la sociedad, ala ser los amos de los politicos. Beatriz Corredor, del PSOE, experta en Vivienda, fue colocada al frente por Zapatero, con s\u00f3lo el 20 % el gobierno de su accionariado. Se viene un [&hellip;]<!-- AddThis Advanced Settings generic via filter on get_the_excerpt --><!-- AddThis Share Buttons generic via filter on get_the_excerpt --><\/p>\n","protected":false},"author":16,"featured_media":0,"comment_status":"open","ping_status":"closed","sticky":false,"template":"","format":"standard","meta":[],"categories":[1],"tags":[],"_links":{"self":[{"href":"https:\/\/blogs.elcomercio.es\/reflexiones-de-belarmino\/wp-json\/wp\/v2\/posts\/42670"}],"collection":[{"href":"https:\/\/blogs.elcomercio.es\/reflexiones-de-belarmino\/wp-json\/wp\/v2\/posts"}],"about":[{"href":"https:\/\/blogs.elcomercio.es\/reflexiones-de-belarmino\/wp-json\/wp\/v2\/types\/post"}],"author":[{"embeddable":true,"href":"https:\/\/blogs.elcomercio.es\/reflexiones-de-belarmino\/wp-json\/wp\/v2\/users\/16"}],"replies":[{"embeddable":true,"href":"https:\/\/blogs.elcomercio.es\/reflexiones-de-belarmino\/wp-json\/wp\/v2\/comments?post=42670"}],"version-history":[{"count":1,"href":"https:\/\/blogs.elcomercio.es\/reflexiones-de-belarmino\/wp-json\/wp\/v2\/posts\/42670\/revisions"}],"predecessor-version":[{"id":42671,"href":"https:\/\/blogs.elcomercio.es\/reflexiones-de-belarmino\/wp-json\/wp\/v2\/posts\/42670\/revisions\/42671"}],"wp:attachment":[{"href":"https:\/\/blogs.elcomercio.es\/reflexiones-de-belarmino\/wp-json\/wp\/v2\/media?parent=42670"}],"wp:term":[{"taxonomy":"category","embeddable":true,"href":"https:\/\/blogs.elcomercio.es\/reflexiones-de-belarmino\/wp-json\/wp\/v2\/categories?post=42670"},{"taxonomy":"post_tag","embeddable":true,"href":"https:\/\/blogs.elcomercio.es\/reflexiones-de-belarmino\/wp-json\/wp\/v2\/tags?post=42670"}],"curies":[{"name":"wp","href":"https:\/\/api.w.org\/{rel}","templated":true}]}}