{"id":43216,"date":"2025-06-13T19:32:04","date_gmt":"2025-06-13T17:32:04","guid":{"rendered":"https:\/\/blogs.elcomercio.es\/reflexiones-de-belarmino\/?p=43216"},"modified":"2025-06-13T19:32:05","modified_gmt":"2025-06-13T17:32:05","slug":"la-presidenta-confirma-su-asistencia-al-g7-el-16-y-17-de-junio-se-reunira-con-trump-llama-a-todos-los-mexicanos-a-defender-a-los-mexicanos-en-el-extranjero-pero-por","status":"publish","type":"post","link":"https:\/\/blogs.elcomercio.es\/reflexiones-de-belarmino\/2025\/06\/13\/la-presidenta-confirma-su-asistencia-al-g7-el-16-y-17-de-junio-se-reunira-con-trump-llama-a-todos-los-mexicanos-a-defender-a-los-mexicanos-en-el-extranjero-pero-por\/","title":{"rendered":"\u00a1\u00a1\u00a1\u00a1\u00a1LA PRESIDENTA, CONFIRMA SU ASISTENCIA AL G7 EL 16 Y 17 DE JUNIO.SE REUNIR\u00c1 CON TRUMP. LLAMA A TODOS LOS MEXICANOS A DEFENDER A LOS MEXICANOS EN EL EXTRANJERO, PERO &#8220;POR VIA PACIFICA&#8221; !!!"},"content":{"rendered":"\n<p>Hoy, al terminar la Ma\u00f1anera, la presidenta de la Republica Mexicana la doctora Claudia Sheinbaum, confirm\u00f3 ue ha pedido permiso aal Congreso de la Uni\u00f3n, paara ausentar los d\u00edas 16 y 17 junio para asistir en Alberta, Canad\u00e1 a la cumbre del G7. En vuelos regulares, saldr\u00e1 a 6.30 hs del d\u00eda 16 y regresar\u00e1 a 9 de la noche del d\u00eda 17.<\/p>\n\n\n\n<p>Se reunir\u00e1 con el presidente Trump.<\/p>\n\n\n\n<p>Ha llamado a todos los mexicanos a defender a los &#8220;paisanos&#8221; en el extranjero. Pidi\u00f3 a aquellos la v\u00eda pacifica, consider\u00f3 que la foto de un joven con la bandera mexicana sobre una patrulla quemada ha sido un montaje. Llam\u00f3 a los morenistas a no perjudicar las platicas a trav\u00e9s de la red X. Fernandez Noro\u00f1a, siempre gran protagonista, aspirante a sucederla, mand\u00f3 por la redes una foto del M\u00e9xico de  1830, antes de la invasi\u00f3n de los EE:UU, cuya inmediata r\u00e9plica de EE:UU, fu\u00e9 aplicar un 5 % de aumento a las 62,000 millones de d\u00f3lares que envian a sus familiares en M\u00e9xico.<\/p>\n\n\n\n<p>&#8220;No me ayudes, compadre&#8221;&#8230; se dice en M\u00e9xico. Pero hoy, denunci\u00f3 que ha recibido amenazas de muerte.<\/p>\n\n\n\n<p>Cuando un pa\u00eds est\u00e1 de pie, enfrenta estos retos NO VALEN LOS PROTAGONISMOS PERSONALES.<\/p>\n\n\n\n<p>L\u00f3pez Obrador, logr\u00f3 el respeto de Trump, el Muro no se construy\u00f3. La presidenta sabe, y es la presidenta ,el nivel que hay que llevar con el presidente Trump.<\/p>\n\n\n\n<p><\/p>\n<!-- AddThis Advanced Settings generic via filter on the_content --><!-- AddThis Share Buttons generic via filter on the_content -->","protected":false},"excerpt":{"rendered":"<p>Hoy, al terminar la Ma\u00f1anera, la presidenta de la Republica Mexicana la doctora Claudia Sheinbaum, confirm\u00f3 ue ha pedido permiso aal Congreso de la Uni\u00f3n, paara ausentar los d\u00edas 16 y 17 junio para asistir en Alberta, Canad\u00e1 a la cumbre del G7. En vuelos regulares, saldr\u00e1 a 6.30 hs del d\u00eda 16 y regresar\u00e1 [&hellip;]<!-- AddThis Advanced Settings generic via filter on get_the_excerpt --><!-- AddThis Share Buttons generic via filter on get_the_excerpt --><\/p>\n","protected":false},"author":16,"featured_media":0,"comment_status":"open","ping_status":"closed","sticky":false,"template":"","format":"standard","meta":[],"categories":[1],"tags":[],"_links":{"self":[{"href":"https:\/\/blogs.elcomercio.es\/reflexiones-de-belarmino\/wp-json\/wp\/v2\/posts\/43216"}],"collection":[{"href":"https:\/\/blogs.elcomercio.es\/reflexiones-de-belarmino\/wp-json\/wp\/v2\/posts"}],"about":[{"href":"https:\/\/blogs.elcomercio.es\/reflexiones-de-belarmino\/wp-json\/wp\/v2\/types\/post"}],"author":[{"embeddable":true,"href":"https:\/\/blogs.elcomercio.es\/reflexiones-de-belarmino\/wp-json\/wp\/v2\/users\/16"}],"replies":[{"embeddable":true,"href":"https:\/\/blogs.elcomercio.es\/reflexiones-de-belarmino\/wp-json\/wp\/v2\/comments?post=43216"}],"version-history":[{"count":1,"href":"https:\/\/blogs.elcomercio.es\/reflexiones-de-belarmino\/wp-json\/wp\/v2\/posts\/43216\/revisions"}],"predecessor-version":[{"id":43217,"href":"https:\/\/blogs.elcomercio.es\/reflexiones-de-belarmino\/wp-json\/wp\/v2\/posts\/43216\/revisions\/43217"}],"wp:attachment":[{"href":"https:\/\/blogs.elcomercio.es\/reflexiones-de-belarmino\/wp-json\/wp\/v2\/media?parent=43216"}],"wp:term":[{"taxonomy":"category","embeddable":true,"href":"https:\/\/blogs.elcomercio.es\/reflexiones-de-belarmino\/wp-json\/wp\/v2\/categories?post=43216"},{"taxonomy":"post_tag","embeddable":true,"href":"https:\/\/blogs.elcomercio.es\/reflexiones-de-belarmino\/wp-json\/wp\/v2\/tags?post=43216"}],"curies":[{"name":"wp","href":"https:\/\/api.w.org\/{rel}","templated":true}]}}