{"id":43490,"date":"2025-06-30T14:02:34","date_gmt":"2025-06-30T12:02:34","guid":{"rendered":"https:\/\/blogs.elcomercio.es\/reflexiones-de-belarmino\/?p=43490"},"modified":"2025-06-30T14:02:35","modified_gmt":"2025-06-30T12:02:35","slug":"13-45-hs-santos-cerda-a-prision-mucha-informacion-va-a-salir-se-quivoca-sanchez-el-partido-es-primero-que-el-gobierno-si-llega-vox-con-el-pp-se-iniciran-los-conflictos","status":"publish","type":"post","link":"https:\/\/blogs.elcomercio.es\/reflexiones-de-belarmino\/2025\/06\/30\/13-45-hs-santos-cerda-a-prision-mucha-informacion-va-a-salir-se-quivoca-sanchez-el-partido-es-primero-que-el-gobierno-si-llega-vox-con-el-pp-se-iniciran-los-conflictos\/","title":{"rendered":"\u00a1\u00a1\u00a1\u00a113.45 HS.- SANTOS CERD\u00c1 A PRISION. MUCHA INFORMACION VA A SALIR. SE QUIVOCA SANCHEZ.- EL PARTIDO ES PRIMERO QUE EL GOBIERNO.-SI LLEGA VOX CON EL PP, SE INICIR\u00c1N LOS CONFLICTOS SOCIALES COMO HACE 100 A\u00d1OS, Y DE AHI SURGIR\u00c1 LA NUEVA ESPA\u00d1A !!!"},"content":{"rendered":"\n<p>Santos Cerd\u00e1 a la carcel. El juez lo ha ordenado por trafico de influencias y LAVADO DE CAPITALES.Lo que \u00e9ste suelto, m\u00e1s lo de Koldo y Abalos, van a llevar a un presidente que pretende echar la culpa al PSOE que a su gobierno, cometiendo un grave error.<\/p>\n\n\n\n<p>1979, tras de que Rafael Fern\u00e1ndez Alvarez desoyese la opini\u00f2n deel partido de no negociar con Izquierda Unida y que lo hizo, lo que cost\u00f3 el puesto, este autor le coment\u00f3 a su padre: &#8221; Pap\u00e1, no olvides que quien PONE AL GOBIERNO ES EL PARTIDO&#8221;.<\/p>\n\n\n\n<p>De sentido com\u00fan para cualquier socialista, parace que Pedro S\u00e1nchez ha equivocado la ruta, y para salvar a su gobierno, echarlesla culpa al partido, es un grave error. Del Comit\u00e9 Federal deber\u00eda salir un Congreso Extraordinario. \u00bf Que en el inter, llegan al gobierno  el PP y VOX, no es lo principal para la continuidad de millones y millones que han caido e buca del cambio  en Espa\u00f1a, eso ya lo decidir\u00e1 y padecer\u00e1 el pueblo espa\u00f1ol?.<\/p>\n\n\n\n<p>De darse esta situaci\u00f3n, las TENSIONES SOCIALES en el seno de Espa\u00f1a, lograr\u00edan el parto, de una vez por todas , de la Nueva Espa\u00f1a<\/p>\n<!-- AddThis Advanced Settings generic via filter on the_content --><!-- AddThis Share Buttons generic via filter on the_content -->","protected":false},"excerpt":{"rendered":"<p>Santos Cerd\u00e1 a la carcel. El juez lo ha ordenado por trafico de influencias y LAVADO DE CAPITALES.Lo que \u00e9ste suelto, m\u00e1s lo de Koldo y Abalos, van a llevar a un presidente que pretende echar la culpa al PSOE que a su gobierno, cometiendo un grave error. 1979, tras de que Rafael Fern\u00e1ndez Alvarez [&hellip;]<!-- AddThis Advanced Settings generic via filter on get_the_excerpt --><!-- AddThis Share Buttons generic via filter on get_the_excerpt --><\/p>\n","protected":false},"author":16,"featured_media":0,"comment_status":"open","ping_status":"closed","sticky":false,"template":"","format":"standard","meta":[],"categories":[1],"tags":[],"_links":{"self":[{"href":"https:\/\/blogs.elcomercio.es\/reflexiones-de-belarmino\/wp-json\/wp\/v2\/posts\/43490"}],"collection":[{"href":"https:\/\/blogs.elcomercio.es\/reflexiones-de-belarmino\/wp-json\/wp\/v2\/posts"}],"about":[{"href":"https:\/\/blogs.elcomercio.es\/reflexiones-de-belarmino\/wp-json\/wp\/v2\/types\/post"}],"author":[{"embeddable":true,"href":"https:\/\/blogs.elcomercio.es\/reflexiones-de-belarmino\/wp-json\/wp\/v2\/users\/16"}],"replies":[{"embeddable":true,"href":"https:\/\/blogs.elcomercio.es\/reflexiones-de-belarmino\/wp-json\/wp\/v2\/comments?post=43490"}],"version-history":[{"count":1,"href":"https:\/\/blogs.elcomercio.es\/reflexiones-de-belarmino\/wp-json\/wp\/v2\/posts\/43490\/revisions"}],"predecessor-version":[{"id":43491,"href":"https:\/\/blogs.elcomercio.es\/reflexiones-de-belarmino\/wp-json\/wp\/v2\/posts\/43490\/revisions\/43491"}],"wp:attachment":[{"href":"https:\/\/blogs.elcomercio.es\/reflexiones-de-belarmino\/wp-json\/wp\/v2\/media?parent=43490"}],"wp:term":[{"taxonomy":"category","embeddable":true,"href":"https:\/\/blogs.elcomercio.es\/reflexiones-de-belarmino\/wp-json\/wp\/v2\/categories?post=43490"},{"taxonomy":"post_tag","embeddable":true,"href":"https:\/\/blogs.elcomercio.es\/reflexiones-de-belarmino\/wp-json\/wp\/v2\/tags?post=43490"}],"curies":[{"name":"wp","href":"https:\/\/api.w.org\/{rel}","templated":true}]}}