{"id":43851,"date":"2025-08-03T11:59:15","date_gmt":"2025-08-03T09:59:15","guid":{"rendered":"https:\/\/blogs.elcomercio.es\/reflexiones-de-belarmino\/?p=43851"},"modified":"2025-08-03T11:59:16","modified_gmt":"2025-08-03T09:59:16","slug":"trump-desnuda-a-europasin-peso-en-los-aranceles-ucrania-e-israely-sus-valores-fundacionales-y-eleva-a-la-extrema-derecha-como-recambio","status":"publish","type":"post","link":"https:\/\/blogs.elcomercio.es\/reflexiones-de-belarmino\/2025\/08\/03\/trump-desnuda-a-europasin-peso-en-los-aranceles-ucrania-e-israely-sus-valores-fundacionales-y-eleva-a-la-extrema-derecha-como-recambio\/","title":{"rendered":"\u00a1\u00a1\u00a1\u00a1\u00a1TRUMP DESNUDA A EUROPA,SIN PESO EN LOS ARANCELES, UCRANIA E ISRAEL,Y SUS VALORES FUNDACIONALES  Y ELEVA A LA EXTREMA DERECHA COMO RECAMBIO !!!"},"content":{"rendered":"\n<p>Bastaron 6 meses para que una persona, el presidente de los Estados Unidos Donald Trump, nos desnudara y sacara a a luz el declive de Europa. Sin peso, entregados a EE:UU. en los aranceles, pagando el armamento norteamericano que va a Ucrania, y pagandole 648,000 millones de d\u00f3lares a los EE:UU. para comprarle el gas que necesitamos; incapaces en Ucrania y en  Gaza, perdiendo sus valores fundacionales, Europa, ha sido desnunada por ese presidente.<\/p>\n\n\n\n<p>La realidad, es que Trump, hizo visible, lo que subyac\u00eda en el seno de la Uni\u00f3n Europea, y lo m\u00e1s grave, es que ha elevado el papel de la extrema derecha, que va por la UNi\u00f3 Europea y el Reino UNido, en la busqueda DEL PODER.<\/p>\n\n\n\n<p>Experiencia que ya vivimos hace casi 100 a\u00f1os.<\/p>\n<!-- AddThis Advanced Settings generic via filter on the_content --><!-- AddThis Share Buttons generic via filter on the_content -->","protected":false},"excerpt":{"rendered":"<p>Bastaron 6 meses para que una persona, el presidente de los Estados Unidos Donald Trump, nos desnudara y sacara a a luz el declive de Europa. Sin peso, entregados a EE:UU. en los aranceles, pagando el armamento norteamericano que va a Ucrania, y pagandole 648,000 millones de d\u00f3lares a los EE:UU. para comprarle el gas [&hellip;]<!-- AddThis Advanced Settings generic via filter on get_the_excerpt --><!-- AddThis Share Buttons generic via filter on get_the_excerpt --><\/p>\n","protected":false},"author":16,"featured_media":0,"comment_status":"open","ping_status":"closed","sticky":false,"template":"","format":"standard","meta":[],"categories":[1],"tags":[],"_links":{"self":[{"href":"https:\/\/blogs.elcomercio.es\/reflexiones-de-belarmino\/wp-json\/wp\/v2\/posts\/43851"}],"collection":[{"href":"https:\/\/blogs.elcomercio.es\/reflexiones-de-belarmino\/wp-json\/wp\/v2\/posts"}],"about":[{"href":"https:\/\/blogs.elcomercio.es\/reflexiones-de-belarmino\/wp-json\/wp\/v2\/types\/post"}],"author":[{"embeddable":true,"href":"https:\/\/blogs.elcomercio.es\/reflexiones-de-belarmino\/wp-json\/wp\/v2\/users\/16"}],"replies":[{"embeddable":true,"href":"https:\/\/blogs.elcomercio.es\/reflexiones-de-belarmino\/wp-json\/wp\/v2\/comments?post=43851"}],"version-history":[{"count":1,"href":"https:\/\/blogs.elcomercio.es\/reflexiones-de-belarmino\/wp-json\/wp\/v2\/posts\/43851\/revisions"}],"predecessor-version":[{"id":43852,"href":"https:\/\/blogs.elcomercio.es\/reflexiones-de-belarmino\/wp-json\/wp\/v2\/posts\/43851\/revisions\/43852"}],"wp:attachment":[{"href":"https:\/\/blogs.elcomercio.es\/reflexiones-de-belarmino\/wp-json\/wp\/v2\/media?parent=43851"}],"wp:term":[{"taxonomy":"category","embeddable":true,"href":"https:\/\/blogs.elcomercio.es\/reflexiones-de-belarmino\/wp-json\/wp\/v2\/categories?post=43851"},{"taxonomy":"post_tag","embeddable":true,"href":"https:\/\/blogs.elcomercio.es\/reflexiones-de-belarmino\/wp-json\/wp\/v2\/tags?post=43851"}],"curies":[{"name":"wp","href":"https:\/\/api.w.org\/{rel}","templated":true}]}}