{"id":43857,"date":"2025-08-03T18:40:28","date_gmt":"2025-08-03T16:40:28","guid":{"rendered":"https:\/\/blogs.elcomercio.es\/reflexiones-de-belarmino\/?p=43857"},"modified":"2025-08-03T18:40:28","modified_gmt":"2025-08-03T16:40:28","slug":"practicamente-definidos-los-aranceles-de-trump-solo-china-y-mexico-siguen-en-negociaciones-por-90-dias","status":"publish","type":"post","link":"https:\/\/blogs.elcomercio.es\/reflexiones-de-belarmino\/2025\/08\/03\/practicamente-definidos-los-aranceles-de-trump-solo-china-y-mexico-siguen-en-negociaciones-por-90-dias\/","title":{"rendered":"\u00a1\u00a1\u00a1\u00a1\u00a1\u00a1PRACTICAMENTE DEFINIDOS LOS ARANCELES DE TRUMP. S\u00d3LO CHINA Y MEXICO SIGUEN EN NEGOCIACIONES POR 90 D\u00cdAS !!!"},"content":{"rendered":"\n<p>Jamiebnse Green, alto funcionario del gobierno de Trump ha dicho hoy, &#8220;practicamente est\u00e1n definidos los aranceles. S\u00f3lo China y M\u00e9xico, tienen un plazo de 90 d\u00edas m\u00e1s&#8221;.<\/p>\n<!-- AddThis Advanced Settings generic via filter on the_content --><!-- AddThis Share Buttons generic via filter on the_content -->","protected":false},"excerpt":{"rendered":"<p>Jamiebnse Green, alto funcionario del gobierno de Trump ha dicho hoy, &#8220;practicamente est\u00e1n definidos los aranceles. S\u00f3lo China y M\u00e9xico, tienen un plazo de 90 d\u00edas m\u00e1s&#8221;.<!-- AddThis Advanced Settings generic via filter on get_the_excerpt --><!-- AddThis Share Buttons generic via filter on get_the_excerpt --><\/p>\n","protected":false},"author":16,"featured_media":0,"comment_status":"open","ping_status":"closed","sticky":false,"template":"","format":"standard","meta":[],"categories":[1],"tags":[],"_links":{"self":[{"href":"https:\/\/blogs.elcomercio.es\/reflexiones-de-belarmino\/wp-json\/wp\/v2\/posts\/43857"}],"collection":[{"href":"https:\/\/blogs.elcomercio.es\/reflexiones-de-belarmino\/wp-json\/wp\/v2\/posts"}],"about":[{"href":"https:\/\/blogs.elcomercio.es\/reflexiones-de-belarmino\/wp-json\/wp\/v2\/types\/post"}],"author":[{"embeddable":true,"href":"https:\/\/blogs.elcomercio.es\/reflexiones-de-belarmino\/wp-json\/wp\/v2\/users\/16"}],"replies":[{"embeddable":true,"href":"https:\/\/blogs.elcomercio.es\/reflexiones-de-belarmino\/wp-json\/wp\/v2\/comments?post=43857"}],"version-history":[{"count":1,"href":"https:\/\/blogs.elcomercio.es\/reflexiones-de-belarmino\/wp-json\/wp\/v2\/posts\/43857\/revisions"}],"predecessor-version":[{"id":43858,"href":"https:\/\/blogs.elcomercio.es\/reflexiones-de-belarmino\/wp-json\/wp\/v2\/posts\/43857\/revisions\/43858"}],"wp:attachment":[{"href":"https:\/\/blogs.elcomercio.es\/reflexiones-de-belarmino\/wp-json\/wp\/v2\/media?parent=43857"}],"wp:term":[{"taxonomy":"category","embeddable":true,"href":"https:\/\/blogs.elcomercio.es\/reflexiones-de-belarmino\/wp-json\/wp\/v2\/categories?post=43857"},{"taxonomy":"post_tag","embeddable":true,"href":"https:\/\/blogs.elcomercio.es\/reflexiones-de-belarmino\/wp-json\/wp\/v2\/tags?post=43857"}],"curies":[{"name":"wp","href":"https:\/\/api.w.org\/{rel}","templated":true}]}}