{"id":43859,"date":"2025-08-03T19:09:55","date_gmt":"2025-08-03T17:09:55","guid":{"rendered":"https:\/\/blogs.elcomercio.es\/reflexiones-de-belarmino\/?p=43859"},"modified":"2025-08-03T19:09:56","modified_gmt":"2025-08-03T17:09:56","slug":"ayer-ante-la-multitud-en-silao-la-presidenta-subida-en-el-capo-de-un-auto-inauguro-un-centro-libre-para-las-mujeres-hoy-en-san-luis-potosi-entrego-los-primeros-recursos","status":"publish","type":"post","link":"https:\/\/blogs.elcomercio.es\/reflexiones-de-belarmino\/2025\/08\/03\/ayer-ante-la-multitud-en-silao-la-presidenta-subida-en-el-capo-de-un-auto-inauguro-un-centro-libre-para-las-mujeres-hoy-en-san-luis-potosi-entrego-los-primeros-recursos\/","title":{"rendered":"\u00a1\u00a1\u00a1\u00a1AYER , ANTE LA MULTITUD, EN SILAO, LA PRESIDENTA SUBIDA EN EL CAPO DE UN AUTO, INAUGUR\u00d3  UN CENTRO LIBRE PARA LAS MUJERES. HOY EN SAN LUIS POTOSI, ENTREG\u00d3 LOS PRIMEROS RECURSOS A LOS OTOMIS, PUEBLO ORIGINAL QUE VA A SEGUIR MANEJADA POR ELLAS, SEGUN SUS USOS Y COSTUMBRES !!!"},"content":{"rendered":"\n<p>S\u00e1bado y domingo. Terminaron las Ma\u00f1aneras de esta semana y la conversaci\u00f3n y los 90 d\u00edas de tregua con Trump. Aer esuvo en Silao,, Guanajuato, inaugurando el 628 Centro de Libertad paraa las Mujeres, de los que habr\u00e1 uno en cada uno de los 2,500 municipios. &#8221; Las mujeres unidas podemos resolver los problemas de la mayor\u00eda de la gente.&#8221;, Pero al terminar, ante la multitud que siempre la acompa\u00f1a, se subi\u00f3 al cap\u00f3 de un auto y megafono en mano,grit\u00f3: \u00a1\u00a1\u00a1QUE VIVAN LAS MUJERES, QUE VIVAN LOS HOMBRES&#8221;.<\/p>\n\n\n\n<p>Hoy en estado de San Luis Potosi, fu\u00e9 recibida por la autoridades indigenas del pueblo Otomi, y ech\u00f3 a andar el Plan nacional de apoyo directo a los pueblos indigenas y afromexicanos, para que sean ellos, los que decidan que necesitan y como manejar esos recursos, seg\u00fan sus usos y costumbres.<\/p>\n\n\n\n<p>Recibida con el bast\u00f3n de mando otom\u00ed, su m\u00fasica y sus trajes, al final est\u00e1 escuchando e estos momentos el Himno Nacional en legua Otom\u00ed.<\/p>\n\n\n\n<p>Y ahi sigue, d\u00eda a d\u00eda&#8230;..<\/p>\n<!-- AddThis Advanced Settings generic via filter on the_content --><!-- AddThis Share Buttons generic via filter on the_content -->","protected":false},"excerpt":{"rendered":"<p>S\u00e1bado y domingo. Terminaron las Ma\u00f1aneras de esta semana y la conversaci\u00f3n y los 90 d\u00edas de tregua con Trump. Aer esuvo en Silao,, Guanajuato, inaugurando el 628 Centro de Libertad paraa las Mujeres, de los que habr\u00e1 uno en cada uno de los 2,500 municipios. &#8221; Las mujeres unidas podemos resolver los problemas de [&hellip;]<!-- AddThis Advanced Settings generic via filter on get_the_excerpt --><!-- AddThis Share Buttons generic via filter on get_the_excerpt --><\/p>\n","protected":false},"author":16,"featured_media":0,"comment_status":"open","ping_status":"closed","sticky":false,"template":"","format":"standard","meta":[],"categories":[1],"tags":[],"_links":{"self":[{"href":"https:\/\/blogs.elcomercio.es\/reflexiones-de-belarmino\/wp-json\/wp\/v2\/posts\/43859"}],"collection":[{"href":"https:\/\/blogs.elcomercio.es\/reflexiones-de-belarmino\/wp-json\/wp\/v2\/posts"}],"about":[{"href":"https:\/\/blogs.elcomercio.es\/reflexiones-de-belarmino\/wp-json\/wp\/v2\/types\/post"}],"author":[{"embeddable":true,"href":"https:\/\/blogs.elcomercio.es\/reflexiones-de-belarmino\/wp-json\/wp\/v2\/users\/16"}],"replies":[{"embeddable":true,"href":"https:\/\/blogs.elcomercio.es\/reflexiones-de-belarmino\/wp-json\/wp\/v2\/comments?post=43859"}],"version-history":[{"count":1,"href":"https:\/\/blogs.elcomercio.es\/reflexiones-de-belarmino\/wp-json\/wp\/v2\/posts\/43859\/revisions"}],"predecessor-version":[{"id":43860,"href":"https:\/\/blogs.elcomercio.es\/reflexiones-de-belarmino\/wp-json\/wp\/v2\/posts\/43859\/revisions\/43860"}],"wp:attachment":[{"href":"https:\/\/blogs.elcomercio.es\/reflexiones-de-belarmino\/wp-json\/wp\/v2\/media?parent=43859"}],"wp:term":[{"taxonomy":"category","embeddable":true,"href":"https:\/\/blogs.elcomercio.es\/reflexiones-de-belarmino\/wp-json\/wp\/v2\/categories?post=43859"},{"taxonomy":"post_tag","embeddable":true,"href":"https:\/\/blogs.elcomercio.es\/reflexiones-de-belarmino\/wp-json\/wp\/v2\/tags?post=43859"}],"curies":[{"name":"wp","href":"https:\/\/api.w.org\/{rel}","templated":true}]}}