{"id":43865,"date":"2025-08-04T17:34:43","date_gmt":"2025-08-04T15:34:43","guid":{"rendered":"https:\/\/blogs.elcomercio.es\/reflexiones-de-belarmino\/?p=43865"},"modified":"2025-08-04T17:34:43","modified_gmt":"2025-08-04T15:34:43","slug":"en-seis-meses-todos-los-paises-han-perdido-y-solo-hubo-un-triunfadordonald-trump","status":"publish","type":"post","link":"https:\/\/blogs.elcomercio.es\/reflexiones-de-belarmino\/2025\/08\/04\/en-seis-meses-todos-los-paises-han-perdido-y-solo-hubo-un-triunfadordonald-trump\/","title":{"rendered":"\u00a1\u00a1\u00a1\u00a1\u00a1EN SEIS MESES, TODOS LOS PAISES HAN PERDIDO Y S\u00d3LO HUBO UN TRIUNFADOR:DONALD TRUMP !!!"},"content":{"rendered":"\n<p>Hasta los analistas mundiales lo reconocen. En tan s\u00f3lo 6 meses todos lo paises del mundo, unos m\u00e1s, otros menos, han cedido a las exigencias de un hombre, llamado Donald Trump, elegido democraticamente por el pueblo de EE:UU, que adem\u00e1s ha sido el \u00fanico que gana, no s\u00f3lo por su capacidad, sino por que paralelemanente, aprovechando sus cargos, se ha enriquecido notablmente. Estaba en 6,000 millones de d\u00f3lares hace 6 meses, habr\u00e1 que esperar que termine.<\/p>\n<!-- AddThis Advanced Settings generic via filter on the_content --><!-- AddThis Share Buttons generic via filter on the_content -->","protected":false},"excerpt":{"rendered":"<p>Hasta los analistas mundiales lo reconocen. En tan s\u00f3lo 6 meses todos lo paises del mundo, unos m\u00e1s, otros menos, han cedido a las exigencias de un hombre, llamado Donald Trump, elegido democraticamente por el pueblo de EE:UU, que adem\u00e1s ha sido el \u00fanico que gana, no s\u00f3lo por su capacidad, sino por que paralelemanente, [&hellip;]<!-- AddThis Advanced Settings generic via filter on get_the_excerpt --><!-- AddThis Share Buttons generic via filter on get_the_excerpt --><\/p>\n","protected":false},"author":16,"featured_media":0,"comment_status":"open","ping_status":"closed","sticky":false,"template":"","format":"standard","meta":[],"categories":[1],"tags":[],"_links":{"self":[{"href":"https:\/\/blogs.elcomercio.es\/reflexiones-de-belarmino\/wp-json\/wp\/v2\/posts\/43865"}],"collection":[{"href":"https:\/\/blogs.elcomercio.es\/reflexiones-de-belarmino\/wp-json\/wp\/v2\/posts"}],"about":[{"href":"https:\/\/blogs.elcomercio.es\/reflexiones-de-belarmino\/wp-json\/wp\/v2\/types\/post"}],"author":[{"embeddable":true,"href":"https:\/\/blogs.elcomercio.es\/reflexiones-de-belarmino\/wp-json\/wp\/v2\/users\/16"}],"replies":[{"embeddable":true,"href":"https:\/\/blogs.elcomercio.es\/reflexiones-de-belarmino\/wp-json\/wp\/v2\/comments?post=43865"}],"version-history":[{"count":1,"href":"https:\/\/blogs.elcomercio.es\/reflexiones-de-belarmino\/wp-json\/wp\/v2\/posts\/43865\/revisions"}],"predecessor-version":[{"id":43866,"href":"https:\/\/blogs.elcomercio.es\/reflexiones-de-belarmino\/wp-json\/wp\/v2\/posts\/43865\/revisions\/43866"}],"wp:attachment":[{"href":"https:\/\/blogs.elcomercio.es\/reflexiones-de-belarmino\/wp-json\/wp\/v2\/media?parent=43865"}],"wp:term":[{"taxonomy":"category","embeddable":true,"href":"https:\/\/blogs.elcomercio.es\/reflexiones-de-belarmino\/wp-json\/wp\/v2\/categories?post=43865"},{"taxonomy":"post_tag","embeddable":true,"href":"https:\/\/blogs.elcomercio.es\/reflexiones-de-belarmino\/wp-json\/wp\/v2\/tags?post=43865"}],"curies":[{"name":"wp","href":"https:\/\/api.w.org\/{rel}","templated":true}]}}