{"id":43867,"date":"2025-08-04T17:47:16","date_gmt":"2025-08-04T15:47:16","guid":{"rendered":"https:\/\/blogs.elcomercio.es\/reflexiones-de-belarmino\/?p=43867"},"modified":"2025-08-04T17:47:17","modified_gmt":"2025-08-04T15:47:17","slug":"lunes-la-mananera-quien-es-quien-en-los-precios-gasolina-1-05-euros-y-canasta-basica40-productos-34-53-euros","status":"publish","type":"post","link":"https:\/\/blogs.elcomercio.es\/reflexiones-de-belarmino\/2025\/08\/04\/lunes-la-mananera-quien-es-quien-en-los-precios-gasolina-1-05-euros-y-canasta-basica40-productos-34-53-euros\/","title":{"rendered":"\u00a1\u00a1\u00a1\u00a1\u00a1\u00a1LUNES LA MA\u00d1ANERA: \u00bfQUI\u00c9N ES QUIEN EN LOS PRECIOS ?. GASOLINA 1.05 EUROS Y CANASTA BASICA(40 PRODUCTOS) 34.53 EUROS !!!."},"content":{"rendered":"\n<p>Y pas\u00f3 la semana pasada, y logr\u00f3 90 d\u00edas con Trump para terminar acuerdo aranceles, mantuvo con \u00e9l el Tratado Mexico- Estados Unidos- Canada, el mayor del mundo, hizo 7 ma\u00f1aneras, inform\u00f3 del avance de sus prgramas, estuvo el fin de semana, en Guanajuato, San Luis Potos\u00ed y Queretaro, y hoy, de nuevo lunes, toc\u00f3 \u00bf quien es quien en los precios?. El gobierno hace publico quien  cobra m\u00e1s y menos en todo el pa\u00ecs, la gasolina les da una &#8220;palomita&#8221; a los mejores precios y &#8220;tache&#8221; a los que se exceden en sus ganancias. As\u00ed a ojos de todo el mundo, va regulando, que se mantenga, sin nig\u00fan control un precio adecuado de la gasolina, el diesel, el gas y la canasta b\u00e1sica.<\/p>\n\n\n\n<p>Como ejemplo: Hoy en M\u00e9xico, la gasolina cuesta 1.05 euros y la Canasta Basica(40 productos) coordinada con las grandes superficies: 34.53  euros.<\/p>\n\n\n\n<p>Seguir\u00e1 con el programa VIVE SALUDABLE, VIVE FELIZ que se lleva a cabo en todoas las escuelas del pa\u00eds, donde la &#8220;comia chatarra&#8221; ya ha sido eliminada.<\/p>\n<!-- AddThis Advanced Settings generic via filter on the_content --><!-- AddThis Share Buttons generic via filter on the_content -->","protected":false},"excerpt":{"rendered":"<p>Y pas\u00f3 la semana pasada, y logr\u00f3 90 d\u00edas con Trump para terminar acuerdo aranceles, mantuvo con \u00e9l el Tratado Mexico- Estados Unidos- Canada, el mayor del mundo, hizo 7 ma\u00f1aneras, inform\u00f3 del avance de sus prgramas, estuvo el fin de semana, en Guanajuato, San Luis Potos\u00ed y Queretaro, y hoy, de nuevo lunes, toc\u00f3 [&hellip;]<!-- AddThis Advanced Settings generic via filter on get_the_excerpt --><!-- AddThis Share Buttons generic via filter on get_the_excerpt --><\/p>\n","protected":false},"author":16,"featured_media":0,"comment_status":"open","ping_status":"closed","sticky":false,"template":"","format":"standard","meta":[],"categories":[1],"tags":[],"_links":{"self":[{"href":"https:\/\/blogs.elcomercio.es\/reflexiones-de-belarmino\/wp-json\/wp\/v2\/posts\/43867"}],"collection":[{"href":"https:\/\/blogs.elcomercio.es\/reflexiones-de-belarmino\/wp-json\/wp\/v2\/posts"}],"about":[{"href":"https:\/\/blogs.elcomercio.es\/reflexiones-de-belarmino\/wp-json\/wp\/v2\/types\/post"}],"author":[{"embeddable":true,"href":"https:\/\/blogs.elcomercio.es\/reflexiones-de-belarmino\/wp-json\/wp\/v2\/users\/16"}],"replies":[{"embeddable":true,"href":"https:\/\/blogs.elcomercio.es\/reflexiones-de-belarmino\/wp-json\/wp\/v2\/comments?post=43867"}],"version-history":[{"count":1,"href":"https:\/\/blogs.elcomercio.es\/reflexiones-de-belarmino\/wp-json\/wp\/v2\/posts\/43867\/revisions"}],"predecessor-version":[{"id":43868,"href":"https:\/\/blogs.elcomercio.es\/reflexiones-de-belarmino\/wp-json\/wp\/v2\/posts\/43867\/revisions\/43868"}],"wp:attachment":[{"href":"https:\/\/blogs.elcomercio.es\/reflexiones-de-belarmino\/wp-json\/wp\/v2\/media?parent=43867"}],"wp:term":[{"taxonomy":"category","embeddable":true,"href":"https:\/\/blogs.elcomercio.es\/reflexiones-de-belarmino\/wp-json\/wp\/v2\/categories?post=43867"},{"taxonomy":"post_tag","embeddable":true,"href":"https:\/\/blogs.elcomercio.es\/reflexiones-de-belarmino\/wp-json\/wp\/v2\/tags?post=43867"}],"curies":[{"name":"wp","href":"https:\/\/api.w.org\/{rel}","templated":true}]}}