{"id":43871,"date":"2025-08-04T17:57:18","date_gmt":"2025-08-04T15:57:18","guid":{"rendered":"https:\/\/blogs.elcomercio.es\/reflexiones-de-belarmino\/?p=43871"},"modified":"2025-08-04T17:57:19","modified_gmt":"2025-08-04T15:57:19","slug":"trump-lo-exigio-y-se-cumplio-no-ha-aumentado-el-precio-del-petroleo-aunque-para-mantenerlos-la-opep-extraera-547000-barrilesdia-a-partir-de-septiembre","status":"publish","type":"post","link":"https:\/\/blogs.elcomercio.es\/reflexiones-de-belarmino\/2025\/08\/04\/trump-lo-exigio-y-se-cumplio-no-ha-aumentado-el-precio-del-petroleo-aunque-para-mantenerlos-la-opep-extraera-547000-barrilesdia-a-partir-de-septiembre\/","title":{"rendered":"\u00a1\u00a1\u00a1\u00a1\u00a1TRUMP LO EXIGI\u00d3, Y SE CUMPLI\u00d3. NO HA AUMENTADO EL PRECIO DEL PETROLEO, AUNQUE PARA MANTENERLOS LA OPEP +, EXTRAER\u00c1 547,000 BARRILES(D\u00cdA) A PARTIR DE SEPTIEMBRE !!!!"},"content":{"rendered":"\n<p>No no bromeamos. Especulando hace 6 meses que la guerra comercial podr\u00eda llevar al petroleo alrededor de los 150 d\u00f3lares, bast\u00f3con que Trump dijese: &#8220;No quiero aumento del petroleo&#8221; para todos parase y siga en 67 dls. El anuncio de la OPEP + de que a partir de septiembre elevar\u00e1 en 547,000 barriles al dia, no variar\u00e1.<\/p>\n<!-- AddThis Advanced Settings generic via filter on the_content --><!-- AddThis Share Buttons generic via filter on the_content -->","protected":false},"excerpt":{"rendered":"<p>No no bromeamos. Especulando hace 6 meses que la guerra comercial podr\u00eda llevar al petroleo alrededor de los 150 d\u00f3lares, bast\u00f3con que Trump dijese: &#8220;No quiero aumento del petroleo&#8221; para todos parase y siga en 67 dls. El anuncio de la OPEP + de que a partir de septiembre elevar\u00e1 en 547,000 barriles al dia, [&hellip;]<!-- AddThis Advanced Settings generic via filter on get_the_excerpt --><!-- AddThis Share Buttons generic via filter on get_the_excerpt --><\/p>\n","protected":false},"author":16,"featured_media":0,"comment_status":"open","ping_status":"closed","sticky":false,"template":"","format":"standard","meta":[],"categories":[1],"tags":[],"_links":{"self":[{"href":"https:\/\/blogs.elcomercio.es\/reflexiones-de-belarmino\/wp-json\/wp\/v2\/posts\/43871"}],"collection":[{"href":"https:\/\/blogs.elcomercio.es\/reflexiones-de-belarmino\/wp-json\/wp\/v2\/posts"}],"about":[{"href":"https:\/\/blogs.elcomercio.es\/reflexiones-de-belarmino\/wp-json\/wp\/v2\/types\/post"}],"author":[{"embeddable":true,"href":"https:\/\/blogs.elcomercio.es\/reflexiones-de-belarmino\/wp-json\/wp\/v2\/users\/16"}],"replies":[{"embeddable":true,"href":"https:\/\/blogs.elcomercio.es\/reflexiones-de-belarmino\/wp-json\/wp\/v2\/comments?post=43871"}],"version-history":[{"count":1,"href":"https:\/\/blogs.elcomercio.es\/reflexiones-de-belarmino\/wp-json\/wp\/v2\/posts\/43871\/revisions"}],"predecessor-version":[{"id":43872,"href":"https:\/\/blogs.elcomercio.es\/reflexiones-de-belarmino\/wp-json\/wp\/v2\/posts\/43871\/revisions\/43872"}],"wp:attachment":[{"href":"https:\/\/blogs.elcomercio.es\/reflexiones-de-belarmino\/wp-json\/wp\/v2\/media?parent=43871"}],"wp:term":[{"taxonomy":"category","embeddable":true,"href":"https:\/\/blogs.elcomercio.es\/reflexiones-de-belarmino\/wp-json\/wp\/v2\/categories?post=43871"},{"taxonomy":"post_tag","embeddable":true,"href":"https:\/\/blogs.elcomercio.es\/reflexiones-de-belarmino\/wp-json\/wp\/v2\/tags?post=43871"}],"curies":[{"name":"wp","href":"https:\/\/api.w.org\/{rel}","templated":true}]}}