{"id":43873,"date":"2025-08-04T18:03:32","date_gmt":"2025-08-04T16:03:32","guid":{"rendered":"https:\/\/blogs.elcomercio.es\/reflexiones-de-belarmino\/?p=43873"},"modified":"2025-08-04T18:03:33","modified_gmt":"2025-08-04T16:03:33","slug":"putin-cede-esta-dispuesto-a-hablar-con-zelensky-en-el-marco-de-una-conferencia-multirateral-puede-haber-cumbre-en-pekin-el-3-de-septiembre-entre-trump-y-putin-i","status":"publish","type":"post","link":"https:\/\/blogs.elcomercio.es\/reflexiones-de-belarmino\/2025\/08\/04\/putin-cede-esta-dispuesto-a-hablar-con-zelensky-en-el-marco-de-una-conferencia-multirateral-puede-haber-cumbre-en-pekin-el-3-de-septiembre-entre-trump-y-putin-i\/","title":{"rendered":"\u00a1\u00a1\u00a1\u00a1\u00a1\u00a1PUTIN CEDE. ESTA DISPUESTO A HABLAR CON ZELENSKY EN EL MARCO DE UNA CONFERENCIA MULTIRATERAL. PUEDE HABER CUMBRE EN PEKIN EL 3 DE SEPTIEMBRE, ENTRE TRUMP Y PUTIN, INNVITADOS POR XI !!!"},"content":{"rendered":"\n<p>Pues Vladimir cedi\u00f3. Medvieved, y sus gritos no funcionaron con Trump que grita m\u00e1s y va en serio.Ma\u00f1ana llega una delegacion de EE:UU a MOsc\u00fa, Putin se abre a una reuni\u00f3n con Zelensky multirateral. Es posible la Cumbre Trump Putin, el 3 de septiembre en Pek\u00edn, inivtados por Xi<\/p>\n<!-- AddThis Advanced Settings generic via filter on the_content --><!-- AddThis Share Buttons generic via filter on the_content -->","protected":false},"excerpt":{"rendered":"<p>Pues Vladimir cedi\u00f3. Medvieved, y sus gritos no funcionaron con Trump que grita m\u00e1s y va en serio.Ma\u00f1ana llega una delegacion de EE:UU a MOsc\u00fa, Putin se abre a una reuni\u00f3n con Zelensky multirateral. Es posible la Cumbre Trump Putin, el 3 de septiembre en Pek\u00edn, inivtados por Xi<!-- AddThis Advanced Settings generic via filter on get_the_excerpt --><!-- AddThis Share Buttons generic via filter on get_the_excerpt --><\/p>\n","protected":false},"author":16,"featured_media":0,"comment_status":"open","ping_status":"closed","sticky":false,"template":"","format":"standard","meta":[],"categories":[1],"tags":[],"_links":{"self":[{"href":"https:\/\/blogs.elcomercio.es\/reflexiones-de-belarmino\/wp-json\/wp\/v2\/posts\/43873"}],"collection":[{"href":"https:\/\/blogs.elcomercio.es\/reflexiones-de-belarmino\/wp-json\/wp\/v2\/posts"}],"about":[{"href":"https:\/\/blogs.elcomercio.es\/reflexiones-de-belarmino\/wp-json\/wp\/v2\/types\/post"}],"author":[{"embeddable":true,"href":"https:\/\/blogs.elcomercio.es\/reflexiones-de-belarmino\/wp-json\/wp\/v2\/users\/16"}],"replies":[{"embeddable":true,"href":"https:\/\/blogs.elcomercio.es\/reflexiones-de-belarmino\/wp-json\/wp\/v2\/comments?post=43873"}],"version-history":[{"count":1,"href":"https:\/\/blogs.elcomercio.es\/reflexiones-de-belarmino\/wp-json\/wp\/v2\/posts\/43873\/revisions"}],"predecessor-version":[{"id":43874,"href":"https:\/\/blogs.elcomercio.es\/reflexiones-de-belarmino\/wp-json\/wp\/v2\/posts\/43873\/revisions\/43874"}],"wp:attachment":[{"href":"https:\/\/blogs.elcomercio.es\/reflexiones-de-belarmino\/wp-json\/wp\/v2\/media?parent=43873"}],"wp:term":[{"taxonomy":"category","embeddable":true,"href":"https:\/\/blogs.elcomercio.es\/reflexiones-de-belarmino\/wp-json\/wp\/v2\/categories?post=43873"},{"taxonomy":"post_tag","embeddable":true,"href":"https:\/\/blogs.elcomercio.es\/reflexiones-de-belarmino\/wp-json\/wp\/v2\/tags?post=43873"}],"curies":[{"name":"wp","href":"https:\/\/api.w.org\/{rel}","templated":true}]}}