{"id":43875,"date":"2025-08-05T12:26:42","date_gmt":"2025-08-05T10:26:42","guid":{"rendered":"https:\/\/blogs.elcomercio.es\/reflexiones-de-belarmino\/?p=43875"},"modified":"2025-08-05T12:26:43","modified_gmt":"2025-08-05T10:26:43","slug":"lanzan-granadas-al-delegado-de-la-fiscalia-en-tamaulipas-y-luego-lo-rematan-a-tiros-los-carteles-muy-debilitadoslanzan-acciones-espectaculares","status":"publish","type":"post","link":"https:\/\/blogs.elcomercio.es\/reflexiones-de-belarmino\/2025\/08\/05\/lanzan-granadas-al-delegado-de-la-fiscalia-en-tamaulipas-y-luego-lo-rematan-a-tiros-los-carteles-muy-debilitadoslanzan-acciones-espectaculares\/","title":{"rendered":"\u00a1\u00a1\u00a1\u00a1\u00a1\u00a1LANZAN GRANADAS AL DELEGADO DE LA FISCALIA EN TAMAULIPAS Y LUEGO LO REMATAN A TIROS.LOS CARTELES, MUY DEBILITADOS,LANZAN ACCIONES ESPECTACULARES !!!"},"content":{"rendered":"\n<p>Hab\u00eda sucedido en Sinaloa hace unos d\u00edas, por los que el gobierno envi\u00f2 a 90 elementos de elite de seguridad nacional, para responder a la provocaci\u00f3n. Ayer en Tamaulipas, en Tampico, un comando lanz\u00f3 granadas al auto del Fiscal General de la Republica, al llegar a c\u00e9ntrico hotel. Al bajarse, herido, lo remataron a tiros.Muy debilitados militar y econ\u00f3micamente, los Carteles,  ubicados en 6 estados de los 32 del pa\u00eds, lanzan esas medidas espectaculares.El gobierno responder\u00e1.<\/p>\n<!-- AddThis Advanced Settings generic via filter on the_content --><!-- AddThis Share Buttons generic via filter on the_content -->","protected":false},"excerpt":{"rendered":"<p>Hab\u00eda sucedido en Sinaloa hace unos d\u00edas, por los que el gobierno envi\u00f2 a 90 elementos de elite de seguridad nacional, para responder a la provocaci\u00f3n. Ayer en Tamaulipas, en Tampico, un comando lanz\u00f3 granadas al auto del Fiscal General de la Republica, al llegar a c\u00e9ntrico hotel. Al bajarse, herido, lo remataron a tiros.Muy [&hellip;]<!-- AddThis Advanced Settings generic via filter on get_the_excerpt --><!-- AddThis Share Buttons generic via filter on get_the_excerpt --><\/p>\n","protected":false},"author":16,"featured_media":0,"comment_status":"open","ping_status":"closed","sticky":false,"template":"","format":"standard","meta":[],"categories":[1],"tags":[],"_links":{"self":[{"href":"https:\/\/blogs.elcomercio.es\/reflexiones-de-belarmino\/wp-json\/wp\/v2\/posts\/43875"}],"collection":[{"href":"https:\/\/blogs.elcomercio.es\/reflexiones-de-belarmino\/wp-json\/wp\/v2\/posts"}],"about":[{"href":"https:\/\/blogs.elcomercio.es\/reflexiones-de-belarmino\/wp-json\/wp\/v2\/types\/post"}],"author":[{"embeddable":true,"href":"https:\/\/blogs.elcomercio.es\/reflexiones-de-belarmino\/wp-json\/wp\/v2\/users\/16"}],"replies":[{"embeddable":true,"href":"https:\/\/blogs.elcomercio.es\/reflexiones-de-belarmino\/wp-json\/wp\/v2\/comments?post=43875"}],"version-history":[{"count":1,"href":"https:\/\/blogs.elcomercio.es\/reflexiones-de-belarmino\/wp-json\/wp\/v2\/posts\/43875\/revisions"}],"predecessor-version":[{"id":43876,"href":"https:\/\/blogs.elcomercio.es\/reflexiones-de-belarmino\/wp-json\/wp\/v2\/posts\/43875\/revisions\/43876"}],"wp:attachment":[{"href":"https:\/\/blogs.elcomercio.es\/reflexiones-de-belarmino\/wp-json\/wp\/v2\/media?parent=43875"}],"wp:term":[{"taxonomy":"category","embeddable":true,"href":"https:\/\/blogs.elcomercio.es\/reflexiones-de-belarmino\/wp-json\/wp\/v2\/categories?post=43875"},{"taxonomy":"post_tag","embeddable":true,"href":"https:\/\/blogs.elcomercio.es\/reflexiones-de-belarmino\/wp-json\/wp\/v2\/tags?post=43875"}],"curies":[{"name":"wp","href":"https:\/\/api.w.org\/{rel}","templated":true}]}}