{"id":43884,"date":"2025-08-05T19:09:40","date_gmt":"2025-08-05T17:09:40","guid":{"rendered":"https:\/\/blogs.elcomercio.es\/reflexiones-de-belarmino\/?p=43884"},"modified":"2025-08-05T19:09:40","modified_gmt":"2025-08-05T17:09:40","slug":"5-anos-de-que-un-rey-corrupto-huyo-de-espana-no-80-del-bombardeo-de-ee-uu-sobre-hiroshima","status":"publish","type":"post","link":"https:\/\/blogs.elcomercio.es\/reflexiones-de-belarmino\/2025\/08\/05\/5-anos-de-que-un-rey-corrupto-huyo-de-espana-no-80-del-bombardeo-de-ee-uu-sobre-hiroshima\/","title":{"rendered":"\u00a1\u00a1\u00a1\u00a1\u00a1\u00bf 5 A\u00d1OS DE QUE UN REY CORRUPTO HUY\u00d3 DE ESPA\u00d1A?. NO. 80 DEL BOMBARDEO DE EE.UU SOBRE HIROSHIMA !!!"},"content":{"rendered":"\n<p>Depende, ayer los noticiarios espa\u00f1oles ocupaban sus tiempos sobre aquel rey llamado ! El Em\u00e9rito !, que huy\u00f3 de Espa\u00f1a, friamente calculado 15 d\u00edas precisos antes de que tuviera que definir su domicilio fiscal. No era asunto menos. Estaba en juego la fortuna estimada en 2, 3 o 4 mil millones de d\u00f3lares, sin tributar al fisco, y no lo dud\u00f3 y se fu\u00e9 al lugar m\u00e1s lejano, donde nadie  p\u00f9diera extraditarle, base para recorrer el mundo,  buslandose del pueblo espa\u00f1ol ( \u00bfDar explicaciones?, )De que, le espet\u00f3 a la periodista que le pregunto el a\u00f1o pasado en Sanxenxo. <\/p>\n\n\n\n<p>&#8220;Voy a sacar mi libro.  Me han robado mi historia&#8221; dijo ayer.<\/p>\n\n\n\n<p>Baste que se desclasifiquen los papeles secretos del franquismo y de la transici\u00f3n, que se haga cargo presidencia y no el CESID, ni Margarita, para que se sepan, sin ir m\u00e1s lejos LA VERDAD DEL 23 F, LA APROBACION CON FELIPE GONZALEZ DE LOS G.A.L..Es un arma de Pedro S\u00e1nchez<\/p>\n\n\n\n<p>Las monarqu\u00edas no tienen m\u00e1s interes que sobrevivir. Juan Carlos, en plena transici\u00f3n, viendo lo que hacia politicos, banqueros, hombres y mujeres, pens\u00f3 muy bien y debe haber dicho: REY POBRE, POBRE REY, y se lanz\u00f3 en medio de la inmoralidad de aquellos 20 a\u00f1os, en que todo el mundo entraba a saco, mientras los parasitos que lo observaban, callaban. Tres personas que he conocido, a Pujol en M\u00e9xico, han dicho \u00a1\u00a1SI CAIGO YO, CAEN TODOS !!.<\/p>\n\n\n\n<p>Y as\u00ed le fu\u00e9 al pa\u00eds. A 40 a\u00f1os, estamos enfrenntados como siempre, luchando entre dos proyectos, con poca moral(hay millones de espa\u00f1oles morales) en cuanto se acercan al poder.<\/p>\n\n\n\n<p>No separen la monarqu\u00eda en dos partes. Cuando Barbara Rey visita la Zarzuela, Felipe VI, lo ve\u00ed, cuando Cuando Corinna viv\u00eda a 15  minutos  de Zarzuela, ya amante del rey, tanto Sofia, como Felipe y las Infantas todos lo sab\u00edan.<\/p>\n\n\n\n<p>\u00bf Que el Em\u00e9rito hacia 5 a\u00f1os, ayer, de haberse ido a Abu Dabi?. Bien gracias, totamente intrascendente.<\/p>\n\n\n\n<p>Pero QUE HOY SE HAYAN CUMPLIDO 80 ASESINATO DEL BOMBARDEO ATOMICO DE HIROSHIMA Y EN DOS S\u00cdAS EN NAGASAKI, eso no es noticia.<\/p>\n\n\n\n<p> <\/p>\n<!-- AddThis Advanced Settings generic via filter on the_content --><!-- AddThis Share Buttons generic via filter on the_content -->","protected":false},"excerpt":{"rendered":"<p>Depende, ayer los noticiarios espa\u00f1oles ocupaban sus tiempos sobre aquel rey llamado ! El Em\u00e9rito !, que huy\u00f3 de Espa\u00f1a, friamente calculado 15 d\u00edas precisos antes de que tuviera que definir su domicilio fiscal. No era asunto menos. Estaba en juego la fortuna estimada en 2, 3 o 4 mil millones de d\u00f3lares, sin tributar [&hellip;]<!-- AddThis Advanced Settings generic via filter on get_the_excerpt --><!-- AddThis Share Buttons generic via filter on get_the_excerpt --><\/p>\n","protected":false},"author":16,"featured_media":0,"comment_status":"open","ping_status":"closed","sticky":false,"template":"","format":"standard","meta":[],"categories":[1],"tags":[],"_links":{"self":[{"href":"https:\/\/blogs.elcomercio.es\/reflexiones-de-belarmino\/wp-json\/wp\/v2\/posts\/43884"}],"collection":[{"href":"https:\/\/blogs.elcomercio.es\/reflexiones-de-belarmino\/wp-json\/wp\/v2\/posts"}],"about":[{"href":"https:\/\/blogs.elcomercio.es\/reflexiones-de-belarmino\/wp-json\/wp\/v2\/types\/post"}],"author":[{"embeddable":true,"href":"https:\/\/blogs.elcomercio.es\/reflexiones-de-belarmino\/wp-json\/wp\/v2\/users\/16"}],"replies":[{"embeddable":true,"href":"https:\/\/blogs.elcomercio.es\/reflexiones-de-belarmino\/wp-json\/wp\/v2\/comments?post=43884"}],"version-history":[{"count":1,"href":"https:\/\/blogs.elcomercio.es\/reflexiones-de-belarmino\/wp-json\/wp\/v2\/posts\/43884\/revisions"}],"predecessor-version":[{"id":43885,"href":"https:\/\/blogs.elcomercio.es\/reflexiones-de-belarmino\/wp-json\/wp\/v2\/posts\/43884\/revisions\/43885"}],"wp:attachment":[{"href":"https:\/\/blogs.elcomercio.es\/reflexiones-de-belarmino\/wp-json\/wp\/v2\/media?parent=43884"}],"wp:term":[{"taxonomy":"category","embeddable":true,"href":"https:\/\/blogs.elcomercio.es\/reflexiones-de-belarmino\/wp-json\/wp\/v2\/categories?post=43884"},{"taxonomy":"post_tag","embeddable":true,"href":"https:\/\/blogs.elcomercio.es\/reflexiones-de-belarmino\/wp-json\/wp\/v2\/tags?post=43884"}],"curies":[{"name":"wp","href":"https:\/\/api.w.org\/{rel}","templated":true}]}}