{"id":43894,"date":"2025-08-06T11:33:32","date_gmt":"2025-08-06T09:33:32","guid":{"rendered":"https:\/\/blogs.elcomercio.es\/reflexiones-de-belarmino\/?p=43894"},"modified":"2025-08-06T11:33:32","modified_gmt":"2025-08-06T09:33:32","slug":"a-pesar-de-aranceles-record-historico-de-exportaciones-de-mexico-a-ee-uu-264328-millones-de-dolares-canada-198215-china-167523","status":"publish","type":"post","link":"https:\/\/blogs.elcomercio.es\/reflexiones-de-belarmino\/2025\/08\/06\/a-pesar-de-aranceles-record-historico-de-exportaciones-de-mexico-a-ee-uu-264328-millones-de-dolares-canada-198215-china-167523\/","title":{"rendered":"\u00a1\u00a1\u00a1\u00a1\u00a1A PESAR DE ARANCELES, RECORD HISTORICO DE EXPORTACIONES DE MEXICO A EE.UU 264,328 MILLONES DE DOLARES.- CANADA 198,215,- CHINA 167,523 !!!"},"content":{"rendered":"\n<p>A pesar de  los aranceles y las presiones de Trump, M\u00e9xico, seg\u00fan el Departameto de Comercio de los EE:UU, en el primer semestre, rompi\u00f3 su record hist\u00f3rico desde 1993(\u00b4primer registro) en sus exportaciones al vecino del norte. Con un subida del 6 %, se coloc\u00f3 con 264,328 millones de d\u00f3lares, frente a Canada 198,215 y China 167,523.<\/p>\n<!-- AddThis Advanced Settings generic via filter on the_content --><!-- AddThis Share Buttons generic via filter on the_content -->","protected":false},"excerpt":{"rendered":"<p>A pesar de los aranceles y las presiones de Trump, M\u00e9xico, seg\u00fan el Departameto de Comercio de los EE:UU, en el primer semestre, rompi\u00f3 su record hist\u00f3rico desde 1993(\u00b4primer registro) en sus exportaciones al vecino del norte. Con un subida del 6 %, se coloc\u00f3 con 264,328 millones de d\u00f3lares, frente a Canada 198,215 y [&hellip;]<!-- AddThis Advanced Settings generic via filter on get_the_excerpt --><!-- AddThis Share Buttons generic via filter on get_the_excerpt --><\/p>\n","protected":false},"author":16,"featured_media":0,"comment_status":"open","ping_status":"closed","sticky":false,"template":"","format":"standard","meta":[],"categories":[1],"tags":[],"_links":{"self":[{"href":"https:\/\/blogs.elcomercio.es\/reflexiones-de-belarmino\/wp-json\/wp\/v2\/posts\/43894"}],"collection":[{"href":"https:\/\/blogs.elcomercio.es\/reflexiones-de-belarmino\/wp-json\/wp\/v2\/posts"}],"about":[{"href":"https:\/\/blogs.elcomercio.es\/reflexiones-de-belarmino\/wp-json\/wp\/v2\/types\/post"}],"author":[{"embeddable":true,"href":"https:\/\/blogs.elcomercio.es\/reflexiones-de-belarmino\/wp-json\/wp\/v2\/users\/16"}],"replies":[{"embeddable":true,"href":"https:\/\/blogs.elcomercio.es\/reflexiones-de-belarmino\/wp-json\/wp\/v2\/comments?post=43894"}],"version-history":[{"count":1,"href":"https:\/\/blogs.elcomercio.es\/reflexiones-de-belarmino\/wp-json\/wp\/v2\/posts\/43894\/revisions"}],"predecessor-version":[{"id":43895,"href":"https:\/\/blogs.elcomercio.es\/reflexiones-de-belarmino\/wp-json\/wp\/v2\/posts\/43894\/revisions\/43895"}],"wp:attachment":[{"href":"https:\/\/blogs.elcomercio.es\/reflexiones-de-belarmino\/wp-json\/wp\/v2\/media?parent=43894"}],"wp:term":[{"taxonomy":"category","embeddable":true,"href":"https:\/\/blogs.elcomercio.es\/reflexiones-de-belarmino\/wp-json\/wp\/v2\/categories?post=43894"},{"taxonomy":"post_tag","embeddable":true,"href":"https:\/\/blogs.elcomercio.es\/reflexiones-de-belarmino\/wp-json\/wp\/v2\/tags?post=43894"}],"curies":[{"name":"wp","href":"https:\/\/api.w.org\/{rel}","templated":true}]}}