{"id":43896,"date":"2025-08-06T11:43:33","date_gmt":"2025-08-06T09:43:33","guid":{"rendered":"https:\/\/blogs.elcomercio.es\/reflexiones-de-belarmino\/?p=43896"},"modified":"2025-08-06T11:43:33","modified_gmt":"2025-08-06T09:43:33","slug":"ante-el-debilitamiento-de-a-donald-trump-a-la-union-europea-y-la-crisis-interna-de-ee-uu-los-brics-los-unicos-que-lo-enfrentan","status":"publish","type":"post","link":"https:\/\/blogs.elcomercio.es\/reflexiones-de-belarmino\/2025\/08\/06\/ante-el-debilitamiento-de-a-donald-trump-a-la-union-europea-y-la-crisis-interna-de-ee-uu-los-brics-los-unicos-que-lo-enfrentan\/","title":{"rendered":"\u00a1\u00a1\u00a1\u00a1\u00a1\u00a1ANTE EL DEBILITAMIENTO DE  A DONALD TRUMP A  LA UNION EUROPEA Y LA CRISIS INTERNA DE EE.UU, LOS BRICS, LOS UNICOS QUE LO ENFRENTAN !!!!"},"content":{"rendered":"\n<p>No es casual que los que enfrenten a Trump, son China, Rusia, India, Brasil y Sudafrica, los BRICS. El presidente de EE;:UU,. envuelto en su propio &#8220;mundo encantado&#8221;, no se da cuenta que al debilitar a la Union Europea, y generar la crisis interna en su propio pa\u00eds, est\u00e1 perdiendo la batalla a mediano plazo.Los BRICS y el Sur Global, se afianzar\u00e1n como el cambio del mundo unipolar.<\/p>\n<!-- AddThis Advanced Settings generic via filter on the_content --><!-- AddThis Share Buttons generic via filter on the_content -->","protected":false},"excerpt":{"rendered":"<p>No es casual que los que enfrenten a Trump, son China, Rusia, India, Brasil y Sudafrica, los BRICS. El presidente de EE;:UU,. envuelto en su propio &#8220;mundo encantado&#8221;, no se da cuenta que al debilitar a la Union Europea, y generar la crisis interna en su propio pa\u00eds, est\u00e1 perdiendo la batalla a mediano plazo.Los [&hellip;]<!-- AddThis Advanced Settings generic via filter on get_the_excerpt --><!-- AddThis Share Buttons generic via filter on get_the_excerpt --><\/p>\n","protected":false},"author":16,"featured_media":0,"comment_status":"open","ping_status":"closed","sticky":false,"template":"","format":"standard","meta":[],"categories":[1],"tags":[],"_links":{"self":[{"href":"https:\/\/blogs.elcomercio.es\/reflexiones-de-belarmino\/wp-json\/wp\/v2\/posts\/43896"}],"collection":[{"href":"https:\/\/blogs.elcomercio.es\/reflexiones-de-belarmino\/wp-json\/wp\/v2\/posts"}],"about":[{"href":"https:\/\/blogs.elcomercio.es\/reflexiones-de-belarmino\/wp-json\/wp\/v2\/types\/post"}],"author":[{"embeddable":true,"href":"https:\/\/blogs.elcomercio.es\/reflexiones-de-belarmino\/wp-json\/wp\/v2\/users\/16"}],"replies":[{"embeddable":true,"href":"https:\/\/blogs.elcomercio.es\/reflexiones-de-belarmino\/wp-json\/wp\/v2\/comments?post=43896"}],"version-history":[{"count":1,"href":"https:\/\/blogs.elcomercio.es\/reflexiones-de-belarmino\/wp-json\/wp\/v2\/posts\/43896\/revisions"}],"predecessor-version":[{"id":43897,"href":"https:\/\/blogs.elcomercio.es\/reflexiones-de-belarmino\/wp-json\/wp\/v2\/posts\/43896\/revisions\/43897"}],"wp:attachment":[{"href":"https:\/\/blogs.elcomercio.es\/reflexiones-de-belarmino\/wp-json\/wp\/v2\/media?parent=43896"}],"wp:term":[{"taxonomy":"category","embeddable":true,"href":"https:\/\/blogs.elcomercio.es\/reflexiones-de-belarmino\/wp-json\/wp\/v2\/categories?post=43896"},{"taxonomy":"post_tag","embeddable":true,"href":"https:\/\/blogs.elcomercio.es\/reflexiones-de-belarmino\/wp-json\/wp\/v2\/tags?post=43896"}],"curies":[{"name":"wp","href":"https:\/\/api.w.org\/{rel}","templated":true}]}}