{"id":43898,"date":"2025-08-06T15:55:40","date_gmt":"2025-08-06T13:55:40","guid":{"rendered":"https:\/\/blogs.elcomercio.es\/reflexiones-de-belarmino\/?p=43898"},"modified":"2025-08-06T15:55:41","modified_gmt":"2025-08-06T13:55:41","slug":"tres-horas-de-dialogoutil-y-constructivo-hoy-entre-putin-y-witkoff-enviado-de-trump-ucrania-y-relaciones-bilaterales-los-temas","status":"publish","type":"post","link":"https:\/\/blogs.elcomercio.es\/reflexiones-de-belarmino\/2025\/08\/06\/tres-horas-de-dialogoutil-y-constructivo-hoy-entre-putin-y-witkoff-enviado-de-trump-ucrania-y-relaciones-bilaterales-los-temas\/","title":{"rendered":"\u00a1\u00a1\u00a1\u00a1\u00a1TRES HORAS DE DI\u00c1LOGO&#8221;UTIL Y CONSTRUCTIVO&#8221; HOY ENTRE PUTIN Y WITKOFF ENVIADO DE TRUMP. UCRANIA Y RELACIONES BILATERALES LOS TEMAS !!!!"},"content":{"rendered":"\n<p>Hoy, tras las tensiones de la \u00faltima semana, se reunieron tres horas el presidente de la Federaci\u00f3n Rusa Vladimir Putin y el enviado especial del presidente de los EE:UU Donald Trump, Steve Witkoff. El vocero del Kremlin lo anunci\u00f3 se\u00f1alando que la reuni\u00f3n fue &#8220;util y constructiva&#8221; y que se tocaron el  problema de ucrania y las perspectivas del desarrollo bilateral entre ambos paises &#8220;<\/p>\n<!-- AddThis Advanced Settings generic via filter on the_content --><!-- AddThis Share Buttons generic via filter on the_content -->","protected":false},"excerpt":{"rendered":"<p>Hoy, tras las tensiones de la \u00faltima semana, se reunieron tres horas el presidente de la Federaci\u00f3n Rusa Vladimir Putin y el enviado especial del presidente de los EE:UU Donald Trump, Steve Witkoff. El vocero del Kremlin lo anunci\u00f3 se\u00f1alando que la reuni\u00f3n fue &#8220;util y constructiva&#8221; y que se tocaron el problema de ucrania [&hellip;]<!-- AddThis Advanced Settings generic via filter on get_the_excerpt --><!-- AddThis Share Buttons generic via filter on get_the_excerpt --><\/p>\n","protected":false},"author":16,"featured_media":0,"comment_status":"open","ping_status":"closed","sticky":false,"template":"","format":"standard","meta":[],"categories":[1],"tags":[],"_links":{"self":[{"href":"https:\/\/blogs.elcomercio.es\/reflexiones-de-belarmino\/wp-json\/wp\/v2\/posts\/43898"}],"collection":[{"href":"https:\/\/blogs.elcomercio.es\/reflexiones-de-belarmino\/wp-json\/wp\/v2\/posts"}],"about":[{"href":"https:\/\/blogs.elcomercio.es\/reflexiones-de-belarmino\/wp-json\/wp\/v2\/types\/post"}],"author":[{"embeddable":true,"href":"https:\/\/blogs.elcomercio.es\/reflexiones-de-belarmino\/wp-json\/wp\/v2\/users\/16"}],"replies":[{"embeddable":true,"href":"https:\/\/blogs.elcomercio.es\/reflexiones-de-belarmino\/wp-json\/wp\/v2\/comments?post=43898"}],"version-history":[{"count":1,"href":"https:\/\/blogs.elcomercio.es\/reflexiones-de-belarmino\/wp-json\/wp\/v2\/posts\/43898\/revisions"}],"predecessor-version":[{"id":43899,"href":"https:\/\/blogs.elcomercio.es\/reflexiones-de-belarmino\/wp-json\/wp\/v2\/posts\/43898\/revisions\/43899"}],"wp:attachment":[{"href":"https:\/\/blogs.elcomercio.es\/reflexiones-de-belarmino\/wp-json\/wp\/v2\/media?parent=43898"}],"wp:term":[{"taxonomy":"category","embeddable":true,"href":"https:\/\/blogs.elcomercio.es\/reflexiones-de-belarmino\/wp-json\/wp\/v2\/categories?post=43898"},{"taxonomy":"post_tag","embeddable":true,"href":"https:\/\/blogs.elcomercio.es\/reflexiones-de-belarmino\/wp-json\/wp\/v2\/tags?post=43898"}],"curies":[{"name":"wp","href":"https:\/\/api.w.org\/{rel}","templated":true}]}}