{"id":43900,"date":"2025-08-06T16:19:40","date_gmt":"2025-08-06T14:19:40","guid":{"rendered":"https:\/\/blogs.elcomercio.es\/reflexiones-de-belarmino\/?p=43900"},"modified":"2025-08-06T16:19:40","modified_gmt":"2025-08-06T14:19:40","slug":"la-presidenta-cumple-hoy-con-el-proposito-59-de-sus-100-1291365-trabajadores-de-plataformas-digitales-tienen-ya-seguridad-social-guarderias-prestamos-para-vivienda-entre","status":"publish","type":"post","link":"https:\/\/blogs.elcomercio.es\/reflexiones-de-belarmino\/2025\/08\/06\/la-presidenta-cumple-hoy-con-el-proposito-59-de-sus-100-1291365-trabajadores-de-plataformas-digitales-tienen-ya-seguridad-social-guarderias-prestamos-para-vivienda-entre\/","title":{"rendered":"\u00a1\u00a1\u00a1\u00a1LA PRESIDENTA CUMPLE HOY CON EL PROPOSITO 59 DE SUS 100. 1,291,365 TRABAJADORES DE PLATAFORMAS DIGITALES TIENEN YA SEGURIDAD SOCIAL, GUARDERIAS, PRESTAMOS PARA VIVIENDA, ENTRE OTROS DERECHOS !!!"},"content":{"rendered":"\n<p>En sus 100 prop\u00f3sitos electorales, producto de una largo recorrido por todo el pa\u00eds,la presidenta Sheinbaum, encontr\u00f3 el desamparo de los TRABAJADORES DE PLATAFORMAS DIGITALES,  y lo incorpor\u00f3 como el prop\u00f3sito 59 de ellos. Desde hoy, con las reformas realizadas 1,291,365 trabajadores y trabajadoras de dichas plataformas, gozan con seguridad social, guarder\u00edas y prestamos para reforma de viviendas.<\/p>\n<!-- AddThis Advanced Settings generic via filter on the_content --><!-- AddThis Share Buttons generic via filter on the_content -->","protected":false},"excerpt":{"rendered":"<p>En sus 100 prop\u00f3sitos electorales, producto de una largo recorrido por todo el pa\u00eds,la presidenta Sheinbaum, encontr\u00f3 el desamparo de los TRABAJADORES DE PLATAFORMAS DIGITALES, y lo incorpor\u00f3 como el prop\u00f3sito 59 de ellos. Desde hoy, con las reformas realizadas 1,291,365 trabajadores y trabajadoras de dichas plataformas, gozan con seguridad social, guarder\u00edas y prestamos para [&hellip;]<!-- AddThis Advanced Settings generic via filter on get_the_excerpt --><!-- AddThis Share Buttons generic via filter on get_the_excerpt --><\/p>\n","protected":false},"author":16,"featured_media":0,"comment_status":"open","ping_status":"closed","sticky":false,"template":"","format":"standard","meta":[],"categories":[1],"tags":[],"_links":{"self":[{"href":"https:\/\/blogs.elcomercio.es\/reflexiones-de-belarmino\/wp-json\/wp\/v2\/posts\/43900"}],"collection":[{"href":"https:\/\/blogs.elcomercio.es\/reflexiones-de-belarmino\/wp-json\/wp\/v2\/posts"}],"about":[{"href":"https:\/\/blogs.elcomercio.es\/reflexiones-de-belarmino\/wp-json\/wp\/v2\/types\/post"}],"author":[{"embeddable":true,"href":"https:\/\/blogs.elcomercio.es\/reflexiones-de-belarmino\/wp-json\/wp\/v2\/users\/16"}],"replies":[{"embeddable":true,"href":"https:\/\/blogs.elcomercio.es\/reflexiones-de-belarmino\/wp-json\/wp\/v2\/comments?post=43900"}],"version-history":[{"count":1,"href":"https:\/\/blogs.elcomercio.es\/reflexiones-de-belarmino\/wp-json\/wp\/v2\/posts\/43900\/revisions"}],"predecessor-version":[{"id":43901,"href":"https:\/\/blogs.elcomercio.es\/reflexiones-de-belarmino\/wp-json\/wp\/v2\/posts\/43900\/revisions\/43901"}],"wp:attachment":[{"href":"https:\/\/blogs.elcomercio.es\/reflexiones-de-belarmino\/wp-json\/wp\/v2\/media?parent=43900"}],"wp:term":[{"taxonomy":"category","embeddable":true,"href":"https:\/\/blogs.elcomercio.es\/reflexiones-de-belarmino\/wp-json\/wp\/v2\/categories?post=43900"},{"taxonomy":"post_tag","embeddable":true,"href":"https:\/\/blogs.elcomercio.es\/reflexiones-de-belarmino\/wp-json\/wp\/v2\/tags?post=43900"}],"curies":[{"name":"wp","href":"https:\/\/api.w.org\/{rel}","templated":true}]}}