{"id":43904,"date":"2025-08-07T15:07:46","date_gmt":"2025-08-07T13:07:46","guid":{"rendered":"https:\/\/blogs.elcomercio.es\/reflexiones-de-belarmino\/?p=43904"},"modified":"2025-08-07T15:07:46","modified_gmt":"2025-08-07T13:07:46","slug":"trump-y-putin-se-reunen-la-semana-prroxima-en-turquia-un-primer-paso","status":"publish","type":"post","link":"https:\/\/blogs.elcomercio.es\/reflexiones-de-belarmino\/2025\/08\/07\/trump-y-putin-se-reunen-la-semana-prroxima-en-turquia-un-primer-paso\/","title":{"rendered":"\u00a1\u00a1\u00a1\u00a1\u00a1TRUMP Y PUTIN SE REUNEN LA SEMANA PRROXIMA EN TURQU\u00cdA. UN PRIMER PASO !!!"},"content":{"rendered":"\n<p>Bien, ya Donald cerr\u00f3 hoy los aranceles para 70 paises. Satisfecho, Witkoff plante\u00f3 su siguiente maniobra: Putin, la primera entre ambos, relaciones bilaterales y m\u00e1s adelante fin de la guerra con Ucrania,La semana pr\u00f3xima en Turqu\u00eda, no se sabe si en Estambul o en Ankara.<\/p>\n<!-- AddThis Advanced Settings generic via filter on the_content --><!-- AddThis Share Buttons generic via filter on the_content -->","protected":false},"excerpt":{"rendered":"<p>Bien, ya Donald cerr\u00f3 hoy los aranceles para 70 paises. Satisfecho, Witkoff plante\u00f3 su siguiente maniobra: Putin, la primera entre ambos, relaciones bilaterales y m\u00e1s adelante fin de la guerra con Ucrania,La semana pr\u00f3xima en Turqu\u00eda, no se sabe si en Estambul o en Ankara.<!-- AddThis Advanced Settings generic via filter on get_the_excerpt --><!-- AddThis Share Buttons generic via filter on get_the_excerpt --><\/p>\n","protected":false},"author":16,"featured_media":0,"comment_status":"open","ping_status":"closed","sticky":false,"template":"","format":"standard","meta":[],"categories":[1],"tags":[],"_links":{"self":[{"href":"https:\/\/blogs.elcomercio.es\/reflexiones-de-belarmino\/wp-json\/wp\/v2\/posts\/43904"}],"collection":[{"href":"https:\/\/blogs.elcomercio.es\/reflexiones-de-belarmino\/wp-json\/wp\/v2\/posts"}],"about":[{"href":"https:\/\/blogs.elcomercio.es\/reflexiones-de-belarmino\/wp-json\/wp\/v2\/types\/post"}],"author":[{"embeddable":true,"href":"https:\/\/blogs.elcomercio.es\/reflexiones-de-belarmino\/wp-json\/wp\/v2\/users\/16"}],"replies":[{"embeddable":true,"href":"https:\/\/blogs.elcomercio.es\/reflexiones-de-belarmino\/wp-json\/wp\/v2\/comments?post=43904"}],"version-history":[{"count":1,"href":"https:\/\/blogs.elcomercio.es\/reflexiones-de-belarmino\/wp-json\/wp\/v2\/posts\/43904\/revisions"}],"predecessor-version":[{"id":43905,"href":"https:\/\/blogs.elcomercio.es\/reflexiones-de-belarmino\/wp-json\/wp\/v2\/posts\/43904\/revisions\/43905"}],"wp:attachment":[{"href":"https:\/\/blogs.elcomercio.es\/reflexiones-de-belarmino\/wp-json\/wp\/v2\/media?parent=43904"}],"wp:term":[{"taxonomy":"category","embeddable":true,"href":"https:\/\/blogs.elcomercio.es\/reflexiones-de-belarmino\/wp-json\/wp\/v2\/categories?post=43904"},{"taxonomy":"post_tag","embeddable":true,"href":"https:\/\/blogs.elcomercio.es\/reflexiones-de-belarmino\/wp-json\/wp\/v2\/tags?post=43904"}],"curies":[{"name":"wp","href":"https:\/\/api.w.org\/{rel}","templated":true}]}}