{"id":43910,"date":"2025-08-07T17:22:38","date_gmt":"2025-08-07T15:22:38","guid":{"rendered":"https:\/\/blogs.elcomercio.es\/reflexiones-de-belarmino\/?p=43910"},"modified":"2025-08-07T17:22:40","modified_gmt":"2025-08-07T15:22:40","slug":"18-anos-sin-socializar-pero-con-mi-otro-yo-siempre-a-quien-con-18-euros-al-dia-no-le-es-posible-las-vacaciones-feliz-goza-el-cafetin-de-la-tarde-al-solecito-releyendo-l","status":"publish","type":"post","link":"https:\/\/blogs.elcomercio.es\/reflexiones-de-belarmino\/2025\/08\/07\/18-anos-sin-socializar-pero-con-mi-otro-yo-siempre-a-quien-con-18-euros-al-dia-no-le-es-posible-las-vacaciones-feliz-goza-el-cafetin-de-la-tarde-al-solecito-releyendo-l\/","title":{"rendered":"\u00a1\u00a1\u00a1\u00a118 A\u00d1OS SIN SOCIALIZAR, PERO CON MI OTRO YO SIEMPRE,  A QUIEN CON 18 EUROS AL D\u00cdA, NO LE ES POSIBLE LAS VACACIONES, FELIZ, GOZA EL CAFETIN DE LA TARDE, AL SOLECITO, RELEYENDO LAS 300 CURTILLAS DE SU VIDA DESDE LOS 3 A\u00d1OS HASTA LOS 85 !!!"},"content":{"rendered":"\n<p>&#8220;Rafael, el sol, la playa&#8221; me dicen, a quien desde los 4 a\u00f1\u00f3s estuvo en el sol del Golfo de M\u00e9xico, de El Pacifico, en Acapulco, los Cabos, las costas de Jalisco en Vallarta, las de Oaxaca, las de Nayarit, del Caribe, del Cant\u00e1brico, con piscina 15 a\u00f1os en Yucat\u00e1n, y cuyo cuerpo est\u00e1 bien surtido.<\/p>\n\n\n\n<p>Diez y ocho a\u00f1os en Asturias, sin socializar, viviendo con mi otro yo cada uno de los casi 6.500 d\u00edas, con 18 euros al d\u00eda, sin posibilidad, ni necesidad de vacacionar, a media tarde tras haber escrito 5  o m\u00e1s analisis mundiales ( 14,500 blogs) , conectarme con 40 amigas y amigos de mi edad en M\u00e9xico, Peru y Canad\u00e1; m\u00e1s unido que nunca con sus hijas y nietos, su gran placer es salir a media tarde, pedir un caf\u00e9 mediano con leche, frente al parque y&#8230;&#8230;releer las 300 cuartillas de mi vida desde los 3 a\u00f1os hasta ests 85, feliz, es m\u00e1s que cualquier verano.Estoy volviendo a vivir toda mi vida.<\/p>\n\n\n\n<p>Con que poco se p\u00f9ede ser tan feliz.<\/p>\n<!-- AddThis Advanced Settings generic via filter on the_content --><!-- AddThis Share Buttons generic via filter on the_content -->","protected":false},"excerpt":{"rendered":"<p>&#8220;Rafael, el sol, la playa&#8221; me dicen, a quien desde los 4 a\u00f1\u00f3s estuvo en el sol del Golfo de M\u00e9xico, de El Pacifico, en Acapulco, los Cabos, las costas de Jalisco en Vallarta, las de Oaxaca, las de Nayarit, del Caribe, del Cant\u00e1brico, con piscina 15 a\u00f1os en Yucat\u00e1n, y cuyo cuerpo est\u00e1 bien [&hellip;]<!-- AddThis Advanced Settings generic via filter on get_the_excerpt --><!-- AddThis Share Buttons generic via filter on get_the_excerpt --><\/p>\n","protected":false},"author":16,"featured_media":0,"comment_status":"open","ping_status":"closed","sticky":false,"template":"","format":"standard","meta":[],"categories":[1],"tags":[],"_links":{"self":[{"href":"https:\/\/blogs.elcomercio.es\/reflexiones-de-belarmino\/wp-json\/wp\/v2\/posts\/43910"}],"collection":[{"href":"https:\/\/blogs.elcomercio.es\/reflexiones-de-belarmino\/wp-json\/wp\/v2\/posts"}],"about":[{"href":"https:\/\/blogs.elcomercio.es\/reflexiones-de-belarmino\/wp-json\/wp\/v2\/types\/post"}],"author":[{"embeddable":true,"href":"https:\/\/blogs.elcomercio.es\/reflexiones-de-belarmino\/wp-json\/wp\/v2\/users\/16"}],"replies":[{"embeddable":true,"href":"https:\/\/blogs.elcomercio.es\/reflexiones-de-belarmino\/wp-json\/wp\/v2\/comments?post=43910"}],"version-history":[{"count":1,"href":"https:\/\/blogs.elcomercio.es\/reflexiones-de-belarmino\/wp-json\/wp\/v2\/posts\/43910\/revisions"}],"predecessor-version":[{"id":43911,"href":"https:\/\/blogs.elcomercio.es\/reflexiones-de-belarmino\/wp-json\/wp\/v2\/posts\/43910\/revisions\/43911"}],"wp:attachment":[{"href":"https:\/\/blogs.elcomercio.es\/reflexiones-de-belarmino\/wp-json\/wp\/v2\/media?parent=43910"}],"wp:term":[{"taxonomy":"category","embeddable":true,"href":"https:\/\/blogs.elcomercio.es\/reflexiones-de-belarmino\/wp-json\/wp\/v2\/categories?post=43910"},{"taxonomy":"post_tag","embeddable":true,"href":"https:\/\/blogs.elcomercio.es\/reflexiones-de-belarmino\/wp-json\/wp\/v2\/tags?post=43910"}],"curies":[{"name":"wp","href":"https:\/\/api.w.org\/{rel}","templated":true}]}}