{"id":43914,"date":"2025-08-07T21:15:29","date_gmt":"2025-08-07T19:15:29","guid":{"rendered":"https:\/\/blogs.elcomercio.es\/reflexiones-de-belarmino\/?p=43914"},"modified":"2025-08-07T21:15:30","modified_gmt":"2025-08-07T19:15:30","slug":"el-1-de-septiembre-proximo-toma-posesion-la-nueva-suprema-corte-de-justicia-de-mexico-tras-su-eleccion-directa-se-acaba-una-epoca-obscura-del-pais-el-proceso","status":"publish","type":"post","link":"https:\/\/blogs.elcomercio.es\/reflexiones-de-belarmino\/2025\/08\/07\/el-1-de-septiembre-proximo-toma-posesion-la-nueva-suprema-corte-de-justicia-de-mexico-tras-su-eleccion-directa-se-acaba-una-epoca-obscura-del-pais-el-proceso\/","title":{"rendered":"\u00a1\u00a1\u00a1\u00a1\u00a1EL 1 DE SEPTIEMBRE PROXIMO, TOMA POSESI\u00d3N LA NUEVA  SUPREMA CORTE DE JUSTICIA DE MEXICO, TRAS SU ELECCI\u00d3N DIRECTA. SE ACABA UNA EPOCA OBSCURA DEL PA\u00cdS.EL PROCESO !!!"},"content":{"rendered":"\n<p>Todo llega. El primero en constatarlo ya en Palacio, fu\u00e9 el ex presidente Andr\u00e9s Manuel L\u00f3pez Obrador. \u00bf Por que estaban libres miembros del crimen organizado y del cuello blanco, si los hab\u00edan metido a la carcel?, \u00bf Como se manten\u00edan libres los lideres de los Carteles?. Confirm\u00f3 lo que sab\u00eda como ciudadano y luchador social, pero ya entonces era Presodente de la Republica Mexicana.<\/p>\n\n\n\n<p>Pero notaba que deten\u00edan a delincuentes y que, de inmediato un juez la dispensaba un amparo, y vuelta a empezar.Notaba como las trasnacionales jugaban a su antojo, pues s\u00f3lo les faltaba comprar a un juez, hasta que fue a la raiz del problema: Aquella &#8220;Casta Divina&#8221;, no s\u00f3lo llevaban decenas de a\u00f1os con el poder(nos suena a algo en Espa\u00f1a, con el juez Peinado y el Poder Judicial heredado del franquismo), sino que con sueldos 5 veces superiores a los de \u00e9l mismo, no participaban en la austeridad republica, sino que la mitad de los miembros del Poder Judicial eran parientes: hermanos, sobrinos, esposas, amantes, todo un enjambre que vivieron en la opulencia durante d\u00e9cadas.<\/p>\n\n\n\n<p>Pero en la segunda parte de su mandato no ten\u00eda los 2 \/3 de las Camaras Nacionales y Regionales, y no era posible cambiar la Costituci\u00f3n.<\/p>\n\n\n\n<p>Y , entonces, PIDIO AYUDA AL PUEBLO. &#8220;Ayudennos, dando su voto para lograr los 2\/3,&#8221; y EL PUEBLO SE LO DI\u00d3. En las elecciones de junio del 2024, las elecciones le daban: La presidencia con la primera mujer en la historia de Am\u00e9rica del Norte y su 66 % de votos; la C\u00e1mara de Diputados y de Senadores y los Congresos Estatales tuvieron m\u00e1s que los 2 \/3. Antes de la elecciones, \u00e9l hizo el Proyecto de Ley de 18 cambios a la Constituci\u00f3n, empezando con la REFORMA AL PODER JUDICIAL.<\/p>\n\n\n\n<p>Aquella \u00e9lite, sus familiares, lo que quedaba del PRI y el PAN( juntos el 24 % de los votos), se lanzaron a las calles desesperados, lograron que el ex presidente Zedillo fuera de Nueva York a M\u00e9xico a declararlo inconstitucional(Zedillo en 1994, hab\u00eda cambiado de un plumazo a toda la Suprema Corte de Justicia para vender el pa\u00eds, fundamentalmente a los electricas espa\u00f1olas, Iberdrola, Naturgy, Ensidesa, y a OHL y Repsol)<\/p>\n\n\n\n<p>Era tal el entreguismo que para poder hablar de un negocio de petroleo la cita costaba un mill\u00f3n de dolares, pagaderos al Director de Pemex, a michas con Pe\u00f1a Nieto.<\/p>\n\n\n\n<p>Pues el pueblo apoy\u00f3( &#8220;EL PUEBLO ES MUCHA PIEZA&#8221; dijo siempre L\u00f3pez Obrador).e inteligentemente, dado que hab\u00eda un mes (septiembre del 2024 ) con las Camaras funcionando antes que Claudia Sheinbaum  tomarra posesi\u00f3n, y entraron los 18 cambios a la Constituci\u00f3n. La presidenta fue la que lo materialz\u00f3. <\/p>\n\n\n\n<p>Y as\u00ed, pese a las protestas del New York Times, The Financial Times, senadores republicanos, bien pagados por la oligarqu\u00eda que perder\u00eda sus privilegios(Raul Salinas PLiego, due\u00f1o de TV Azteca y de Elektra, debe a Hacienda 400 millones de euros(130 m\u00e1s que Conde, la Pantoja, por decir algo en Espa\u00f1a).<\/p>\n\n\n\n<p>Pero, igaul que todo empieza todo termina.<\/p>\n\n\n\n<p>Se realiz\u00f3 en forma impecable  el proceso. Se inscribierons 7,000 ciudadanos, abogados, con master, doctorados, gente muy capaz pero por HONESTOS siempre la cerraban las puertas aquella &#8220;costra&#8221;.Se eligieron los primeros 588, el resto en 2027. Y as\u00ed se cumpli\u00f3 todo el proceso, y finalmente en MEXICO EL PODER JUDICIAL LO ELIGE EL PUEBLO, es m\u00e1s, LOS TRES PODERES LOS ELIGE EL PUEBLO.<\/p>\n\n\n\n<p>Al frente, con la mejor puntuacion qued\u00f3 un abogado indigenas oaxaque\u00f1o. altamementee respetado, de origen mixe( Ju\u00e1rez en 1857, tambi\u00e9n fue electo, tambi\u00e9n indigena, tambien oaxaque\u00f1o pero zapoteco ).<\/p>\n\n\n\n<p>El 1 de septiembre toman posesi\u00f2n todos los ministros, magistrados y jueces del pa\u00eds.<\/p>\n\n\n\n<p>Es un paso, democratico, de gigante.<\/p>\n\n\n\n<p>Por m\u00e1s que en Espa\u00f1a nadie lo informe.<\/p>\n<!-- AddThis Advanced Settings generic via filter on the_content --><!-- AddThis Share Buttons generic via filter on the_content -->","protected":false},"excerpt":{"rendered":"<p>Todo llega. El primero en constatarlo ya en Palacio, fu\u00e9 el ex presidente Andr\u00e9s Manuel L\u00f3pez Obrador. \u00bf Por que estaban libres miembros del crimen organizado y del cuello blanco, si los hab\u00edan metido a la carcel?, \u00bf Como se manten\u00edan libres los lideres de los Carteles?. Confirm\u00f3 lo que sab\u00eda como ciudadano y luchador [&hellip;]<!-- AddThis Advanced Settings generic via filter on get_the_excerpt --><!-- AddThis Share Buttons generic via filter on get_the_excerpt --><\/p>\n","protected":false},"author":16,"featured_media":0,"comment_status":"open","ping_status":"closed","sticky":false,"template":"","format":"standard","meta":[],"categories":[1],"tags":[],"_links":{"self":[{"href":"https:\/\/blogs.elcomercio.es\/reflexiones-de-belarmino\/wp-json\/wp\/v2\/posts\/43914"}],"collection":[{"href":"https:\/\/blogs.elcomercio.es\/reflexiones-de-belarmino\/wp-json\/wp\/v2\/posts"}],"about":[{"href":"https:\/\/blogs.elcomercio.es\/reflexiones-de-belarmino\/wp-json\/wp\/v2\/types\/post"}],"author":[{"embeddable":true,"href":"https:\/\/blogs.elcomercio.es\/reflexiones-de-belarmino\/wp-json\/wp\/v2\/users\/16"}],"replies":[{"embeddable":true,"href":"https:\/\/blogs.elcomercio.es\/reflexiones-de-belarmino\/wp-json\/wp\/v2\/comments?post=43914"}],"version-history":[{"count":1,"href":"https:\/\/blogs.elcomercio.es\/reflexiones-de-belarmino\/wp-json\/wp\/v2\/posts\/43914\/revisions"}],"predecessor-version":[{"id":43915,"href":"https:\/\/blogs.elcomercio.es\/reflexiones-de-belarmino\/wp-json\/wp\/v2\/posts\/43914\/revisions\/43915"}],"wp:attachment":[{"href":"https:\/\/blogs.elcomercio.es\/reflexiones-de-belarmino\/wp-json\/wp\/v2\/media?parent=43914"}],"wp:term":[{"taxonomy":"category","embeddable":true,"href":"https:\/\/blogs.elcomercio.es\/reflexiones-de-belarmino\/wp-json\/wp\/v2\/categories?post=43914"},{"taxonomy":"post_tag","embeddable":true,"href":"https:\/\/blogs.elcomercio.es\/reflexiones-de-belarmino\/wp-json\/wp\/v2\/tags?post=43914"}],"curies":[{"name":"wp","href":"https:\/\/api.w.org\/{rel}","templated":true}]}}