{"id":43938,"date":"2025-08-09T12:00:03","date_gmt":"2025-08-09T10:00:03","guid":{"rendered":"https:\/\/blogs.elcomercio.es\/reflexiones-de-belarmino\/?p=43938"},"modified":"2025-08-09T12:00:04","modified_gmt":"2025-08-09T10:00:04","slug":"ante-la-amenaza-de-trump-mexico-no-permitira-la-intervencion-del-ejercito-de-ee-uu-en-su-territorio","status":"publish","type":"post","link":"https:\/\/blogs.elcomercio.es\/reflexiones-de-belarmino\/2025\/08\/09\/ante-la-amenaza-de-trump-mexico-no-permitira-la-intervencion-del-ejercito-de-ee-uu-en-su-territorio\/","title":{"rendered":"\u00a1\u00a1\u00a1\u00a1\u00a1\u00a1ANTE LA AMENAZA DE TRUMP. &#8221; MEXICO NO PERMITIR\u00c1 LA INTERVENCI\u00d3N DEL EJERCITO DE EE.UU EN SU TERRITORIO&#8221;!!!!"},"content":{"rendered":"\n<p>La amenaza est\u00e1 lanzada. Su intento, de considerar a M\u00e9xico territorio donde actuar conjuntamente los ejercitos de ambos paises, dar\u00eda al traste a las propuestas sobre aranceles, migrantes, narcoterrorismo que deber\u00e1 de firmar con M\u00e9xico.<\/p>\n\n\n\n<p>Para su vecino del sur ser\u00eda una muy mala noticia, pero para Estados Unidos, perder la estabilidad de su frontera sur, ser\u00eda peor.<\/p>\n<!-- AddThis Advanced Settings generic via filter on the_content --><!-- AddThis Share Buttons generic via filter on the_content -->","protected":false},"excerpt":{"rendered":"<p>La amenaza est\u00e1 lanzada. Su intento, de considerar a M\u00e9xico territorio donde actuar conjuntamente los ejercitos de ambos paises, dar\u00eda al traste a las propuestas sobre aranceles, migrantes, narcoterrorismo que deber\u00e1 de firmar con M\u00e9xico. Para su vecino del sur ser\u00eda una muy mala noticia, pero para Estados Unidos, perder la estabilidad de su frontera [&hellip;]<!-- AddThis Advanced Settings generic via filter on get_the_excerpt --><!-- AddThis Share Buttons generic via filter on get_the_excerpt --><\/p>\n","protected":false},"author":16,"featured_media":0,"comment_status":"open","ping_status":"closed","sticky":false,"template":"","format":"standard","meta":[],"categories":[1],"tags":[],"_links":{"self":[{"href":"https:\/\/blogs.elcomercio.es\/reflexiones-de-belarmino\/wp-json\/wp\/v2\/posts\/43938"}],"collection":[{"href":"https:\/\/blogs.elcomercio.es\/reflexiones-de-belarmino\/wp-json\/wp\/v2\/posts"}],"about":[{"href":"https:\/\/blogs.elcomercio.es\/reflexiones-de-belarmino\/wp-json\/wp\/v2\/types\/post"}],"author":[{"embeddable":true,"href":"https:\/\/blogs.elcomercio.es\/reflexiones-de-belarmino\/wp-json\/wp\/v2\/users\/16"}],"replies":[{"embeddable":true,"href":"https:\/\/blogs.elcomercio.es\/reflexiones-de-belarmino\/wp-json\/wp\/v2\/comments?post=43938"}],"version-history":[{"count":1,"href":"https:\/\/blogs.elcomercio.es\/reflexiones-de-belarmino\/wp-json\/wp\/v2\/posts\/43938\/revisions"}],"predecessor-version":[{"id":43939,"href":"https:\/\/blogs.elcomercio.es\/reflexiones-de-belarmino\/wp-json\/wp\/v2\/posts\/43938\/revisions\/43939"}],"wp:attachment":[{"href":"https:\/\/blogs.elcomercio.es\/reflexiones-de-belarmino\/wp-json\/wp\/v2\/media?parent=43938"}],"wp:term":[{"taxonomy":"category","embeddable":true,"href":"https:\/\/blogs.elcomercio.es\/reflexiones-de-belarmino\/wp-json\/wp\/v2\/categories?post=43938"},{"taxonomy":"post_tag","embeddable":true,"href":"https:\/\/blogs.elcomercio.es\/reflexiones-de-belarmino\/wp-json\/wp\/v2\/tags?post=43938"}],"curies":[{"name":"wp","href":"https:\/\/api.w.org\/{rel}","templated":true}]}}