{"id":43940,"date":"2025-08-09T12:59:33","date_gmt":"2025-08-09T10:59:33","guid":{"rendered":"https:\/\/blogs.elcomercio.es\/reflexiones-de-belarmino\/?p=43940"},"modified":"2025-08-09T12:59:33","modified_gmt":"2025-08-09T10:59:33","slug":"nueve-horas-anonadado-por-la-noticiaperez-reverte-que-cayo-en-el-intento-britanico-de-hurgar-en-nuestras-ancestrales-diferencias-picaso-goya-velazquez","status":"publish","type":"post","link":"https:\/\/blogs.elcomercio.es\/reflexiones-de-belarmino\/2025\/08\/09\/nueve-horas-anonadado-por-la-noticiaperez-reverte-que-cayo-en-el-intento-britanico-de-hurgar-en-nuestras-ancestrales-diferencias-picaso-goya-velazquez\/","title":{"rendered":"\u00a1\u00a1\u00a1\u00a1&#8221;NUEVE HORAS ANONADADO POR LA NOTICIA&#8221;:PEREZ REVERTE, QUE CAY\u00d3 EN EL INTENTO BRITANICO DE HURGAR EN NUESTRAS ANCESTRALES DIFERENCIAS. PICASO, GOYA, VELAZQUEZ !!!"},"content":{"rendered":"\n<p>Hay que est\u00e1 hurgando en nuestro pasado para poner de manifiesto nuestra situaci\u00f2n actual. Uno de ellos los brit\u00e1nicos. Dos articulos en The Time, desataron nuestras diferencias. \u00bfQuien fue superior, Picaso con el Guernica o Goya ?, se preguntaban en un art\u00edculo. Perez Reverte, reaccion\u00f3 enseguida: &#8221; Estuve ocho horas anonadado &#8220;, &#8221; \u00bfGuernica o Goya?. Como se atreven esos estupidos ingleses a hablar de Guernica. Nada que ver con la historia de nuestros pintores. Si acaso Goya o, quiz\u00e1s Las Meninas&#8221;.<\/p>\n\n\n\n<p>Esos dos tuits, en The Times, mostraron la actual situaci\u00f3n de Espa\u00f1a, dividida, que no le da ning\u00fan valor al Guernica de Picaso y vuelve a sus pasados, a Velazquez, y quiz\u00e1s a Goya..<\/p>\n\n\n\n<p>Junto con Trump, Israel, ahora Reino Unido, van tras el gobierno de Transici\u00f3n. El com\u00fan de PP, VOX, Israel, Trump y la &#8221; perfida Albi\u00f2n&#8221; la misma mano: El CAPO DE TODOS LOS CAPOS. Jos\u00e9 Maria Aznar. Lo mantengo.Por cierto el &#8220;cada quien haga lo que pueda&#8221; de \u00e9ste, es la copia del mensaje de Al Bagdadhi, que surgi\u00f3 en las carceles de Bagdad despu\u00e9s de la invasion (Bush, Blair, Aznar) de Irak., y se convirti\u00f3 en el lider del Estado Isl\u00e1mico.<\/p>\n\n\n\n<p><\/p>\n<!-- AddThis Advanced Settings generic via filter on the_content --><!-- AddThis Share Buttons generic via filter on the_content -->","protected":false},"excerpt":{"rendered":"<p>Hay que est\u00e1 hurgando en nuestro pasado para poner de manifiesto nuestra situaci\u00f2n actual. Uno de ellos los brit\u00e1nicos. Dos articulos en The Time, desataron nuestras diferencias. \u00bfQuien fue superior, Picaso con el Guernica o Goya ?, se preguntaban en un art\u00edculo. Perez Reverte, reaccion\u00f3 enseguida: &#8221; Estuve ocho horas anonadado &#8220;, &#8221; \u00bfGuernica o [&hellip;]<!-- AddThis Advanced Settings generic via filter on get_the_excerpt --><!-- AddThis Share Buttons generic via filter on get_the_excerpt --><\/p>\n","protected":false},"author":16,"featured_media":0,"comment_status":"open","ping_status":"closed","sticky":false,"template":"","format":"standard","meta":[],"categories":[1],"tags":[],"_links":{"self":[{"href":"https:\/\/blogs.elcomercio.es\/reflexiones-de-belarmino\/wp-json\/wp\/v2\/posts\/43940"}],"collection":[{"href":"https:\/\/blogs.elcomercio.es\/reflexiones-de-belarmino\/wp-json\/wp\/v2\/posts"}],"about":[{"href":"https:\/\/blogs.elcomercio.es\/reflexiones-de-belarmino\/wp-json\/wp\/v2\/types\/post"}],"author":[{"embeddable":true,"href":"https:\/\/blogs.elcomercio.es\/reflexiones-de-belarmino\/wp-json\/wp\/v2\/users\/16"}],"replies":[{"embeddable":true,"href":"https:\/\/blogs.elcomercio.es\/reflexiones-de-belarmino\/wp-json\/wp\/v2\/comments?post=43940"}],"version-history":[{"count":1,"href":"https:\/\/blogs.elcomercio.es\/reflexiones-de-belarmino\/wp-json\/wp\/v2\/posts\/43940\/revisions"}],"predecessor-version":[{"id":43941,"href":"https:\/\/blogs.elcomercio.es\/reflexiones-de-belarmino\/wp-json\/wp\/v2\/posts\/43940\/revisions\/43941"}],"wp:attachment":[{"href":"https:\/\/blogs.elcomercio.es\/reflexiones-de-belarmino\/wp-json\/wp\/v2\/media?parent=43940"}],"wp:term":[{"taxonomy":"category","embeddable":true,"href":"https:\/\/blogs.elcomercio.es\/reflexiones-de-belarmino\/wp-json\/wp\/v2\/categories?post=43940"},{"taxonomy":"post_tag","embeddable":true,"href":"https:\/\/blogs.elcomercio.es\/reflexiones-de-belarmino\/wp-json\/wp\/v2\/tags?post=43940"}],"curies":[{"name":"wp","href":"https:\/\/api.w.org\/{rel}","templated":true}]}}