{"id":43948,"date":"2025-08-10T20:24:07","date_gmt":"2025-08-10T18:24:07","guid":{"rendered":"https:\/\/blogs.elcomercio.es\/reflexiones-de-belarmino\/?p=43948"},"modified":"2025-08-10T20:24:08","modified_gmt":"2025-08-10T18:24:08","slug":"no-se-suicidara-como-hitler-pero-el-genocida-netanyahu-terminara-en-los-calabozos-hoy-ha-acusado-a-los-medios-son-fakes-no-ha-habido-esos-muertos-en-gazani-n","status":"publish","type":"post","link":"https:\/\/blogs.elcomercio.es\/reflexiones-de-belarmino\/2025\/08\/10\/no-se-suicidara-como-hitler-pero-el-genocida-netanyahu-terminara-en-los-calabozos-hoy-ha-acusado-a-los-medios-son-fakes-no-ha-habido-esos-muertos-en-gazani-n\/","title":{"rendered":"\u00a1\u00a1\u00a1\u00a1\u00a1NO SE SUICIDAR\u00c1, COMO HITLER. PERO EL GENOCIDA NETANYAHU TERMINAR\u00c1 EN LOS CALABOZOS. HOY HA ACUSADO A LOS MEDIOS. &#8221; SON FAKES&#8221;, &#8220;NO HA HABIDO ESOS MUERTOS EN GAZA,NI NI\u00d1OS FALLECIDOS DE HAMBRE. INTERVENDREMOS POR PETICI\u00d3N DE LOS GAZATIES&#8221; !!!"},"content":{"rendered":"\n<p>Tras ocultar en la televisi\u00f3n y los medios de Israel lo que pasaba en Gaza, hoy, para justificar su pr\u00f3xima intervenci\u00f3n total, ha dicho que TODO SON &#8220;FAKES&#8221; DE LOS MEDIOS, QUE NO HA HABIDO ESOS NI\u00d1OS MUERTOS EN GAZA, NI HAMBRUNA Y QUE VAN A TOMAR A FRANJA, \u00a1\u00a1A PETICI\u00d3N !! DE LOS GAZATIES!!&#8221;.<\/p>\n\n\n\n<p>C\u00f3mo loco no est\u00e1, y como no terminar\u00e1 suicid\u00e1ndose como Hitler, BENJAMIN NETANYAHU TERMINAR\u00c1 EN LOS CALABOZOS, ante la verguenza mundial de que todo esto haya sucedido, empezando por Donald Trump. &#8220;\u00bf No sabiamos nada?&#8221; dir\u00e1n los israelitas, como antes los alemanes<\/p>\n<!-- AddThis Advanced Settings generic via filter on the_content --><!-- AddThis Share Buttons generic via filter on the_content -->","protected":false},"excerpt":{"rendered":"<p>Tras ocultar en la televisi\u00f3n y los medios de Israel lo que pasaba en Gaza, hoy, para justificar su pr\u00f3xima intervenci\u00f3n total, ha dicho que TODO SON &#8220;FAKES&#8221; DE LOS MEDIOS, QUE NO HA HABIDO ESOS NI\u00d1OS MUERTOS EN GAZA, NI HAMBRUNA Y QUE VAN A TOMAR A FRANJA, \u00a1\u00a1A PETICI\u00d3N !! DE LOS GAZATIES!!&#8221;. [&hellip;]<!-- AddThis Advanced Settings generic via filter on get_the_excerpt --><!-- AddThis Share Buttons generic via filter on get_the_excerpt --><\/p>\n","protected":false},"author":16,"featured_media":0,"comment_status":"open","ping_status":"closed","sticky":false,"template":"","format":"standard","meta":[],"categories":[1],"tags":[],"_links":{"self":[{"href":"https:\/\/blogs.elcomercio.es\/reflexiones-de-belarmino\/wp-json\/wp\/v2\/posts\/43948"}],"collection":[{"href":"https:\/\/blogs.elcomercio.es\/reflexiones-de-belarmino\/wp-json\/wp\/v2\/posts"}],"about":[{"href":"https:\/\/blogs.elcomercio.es\/reflexiones-de-belarmino\/wp-json\/wp\/v2\/types\/post"}],"author":[{"embeddable":true,"href":"https:\/\/blogs.elcomercio.es\/reflexiones-de-belarmino\/wp-json\/wp\/v2\/users\/16"}],"replies":[{"embeddable":true,"href":"https:\/\/blogs.elcomercio.es\/reflexiones-de-belarmino\/wp-json\/wp\/v2\/comments?post=43948"}],"version-history":[{"count":1,"href":"https:\/\/blogs.elcomercio.es\/reflexiones-de-belarmino\/wp-json\/wp\/v2\/posts\/43948\/revisions"}],"predecessor-version":[{"id":43949,"href":"https:\/\/blogs.elcomercio.es\/reflexiones-de-belarmino\/wp-json\/wp\/v2\/posts\/43948\/revisions\/43949"}],"wp:attachment":[{"href":"https:\/\/blogs.elcomercio.es\/reflexiones-de-belarmino\/wp-json\/wp\/v2\/media?parent=43948"}],"wp:term":[{"taxonomy":"category","embeddable":true,"href":"https:\/\/blogs.elcomercio.es\/reflexiones-de-belarmino\/wp-json\/wp\/v2\/categories?post=43948"},{"taxonomy":"post_tag","embeddable":true,"href":"https:\/\/blogs.elcomercio.es\/reflexiones-de-belarmino\/wp-json\/wp\/v2\/tags?post=43948"}],"curies":[{"name":"wp","href":"https:\/\/api.w.org\/{rel}","templated":true}]}}