{"id":43950,"date":"2025-08-12T10:33:19","date_gmt":"2025-08-12T08:33:19","guid":{"rendered":"https:\/\/blogs.elcomercio.es\/reflexiones-de-belarmino\/?p=43950"},"modified":"2025-08-12T10:33:19","modified_gmt":"2025-08-12T08:33:19","slug":"por-que-va-a-haber-acuerdo-a-espaldas-de-zelensky-el-viernes-porque-suben-las-companias-constructoras-que-como-en-irak-tras-destruir-van-a-reconstruir-ucrania","status":"publish","type":"post","link":"https:\/\/blogs.elcomercio.es\/reflexiones-de-belarmino\/2025\/08\/12\/por-que-va-a-haber-acuerdo-a-espaldas-de-zelensky-el-viernes-porque-suben-las-companias-constructoras-que-como-en-irak-tras-destruir-van-a-reconstruir-ucrania\/","title":{"rendered":"\u00a1\u00a1\u00a1\u00a1\u00a1\u00bfPOR QU\u00c9 VA A HABER ACUERDO A ESPALDAS DE ZELENSKY EL VIERNES?. PORQUE SUBEN LAS COMPA\u00d1IAS CONSTRUCTORAS QUE, COMO EN IRAK, TRAS DESTRUIR, VAN A RECONSTRUIR UCRANIA?. LA MISMA ESTRATEGIA !!!!"},"content":{"rendered":"\n<p>Cuando ayer las grandes constructoras de EE:UU han subido es que esperan su turno. Como en Irak, los Estados Unidos mantienen su economia con las guerras, y luego la aumentan reconstruyendo lo que se destruy\u00f3. Ucrania, Zelensky, tienen m\u00e1s de un Bill\u00f3n de d\u00f3lares enviados en estos 3 a\u00f1os, guardados, sin control, para la reconstrucci\u00f3n.Esperemos al 15.<\/p>\n<!-- AddThis Advanced Settings generic via filter on the_content --><!-- AddThis Share Buttons generic via filter on the_content -->","protected":false},"excerpt":{"rendered":"<p>Cuando ayer las grandes constructoras de EE:UU han subido es que esperan su turno. Como en Irak, los Estados Unidos mantienen su economia con las guerras, y luego la aumentan reconstruyendo lo que se destruy\u00f3. Ucrania, Zelensky, tienen m\u00e1s de un Bill\u00f3n de d\u00f3lares enviados en estos 3 a\u00f1os, guardados, sin control, para la reconstrucci\u00f3n.Esperemos [&hellip;]<!-- AddThis Advanced Settings generic via filter on get_the_excerpt --><!-- AddThis Share Buttons generic via filter on get_the_excerpt --><\/p>\n","protected":false},"author":16,"featured_media":0,"comment_status":"open","ping_status":"closed","sticky":false,"template":"","format":"standard","meta":[],"categories":[1],"tags":[],"_links":{"self":[{"href":"https:\/\/blogs.elcomercio.es\/reflexiones-de-belarmino\/wp-json\/wp\/v2\/posts\/43950"}],"collection":[{"href":"https:\/\/blogs.elcomercio.es\/reflexiones-de-belarmino\/wp-json\/wp\/v2\/posts"}],"about":[{"href":"https:\/\/blogs.elcomercio.es\/reflexiones-de-belarmino\/wp-json\/wp\/v2\/types\/post"}],"author":[{"embeddable":true,"href":"https:\/\/blogs.elcomercio.es\/reflexiones-de-belarmino\/wp-json\/wp\/v2\/users\/16"}],"replies":[{"embeddable":true,"href":"https:\/\/blogs.elcomercio.es\/reflexiones-de-belarmino\/wp-json\/wp\/v2\/comments?post=43950"}],"version-history":[{"count":1,"href":"https:\/\/blogs.elcomercio.es\/reflexiones-de-belarmino\/wp-json\/wp\/v2\/posts\/43950\/revisions"}],"predecessor-version":[{"id":43951,"href":"https:\/\/blogs.elcomercio.es\/reflexiones-de-belarmino\/wp-json\/wp\/v2\/posts\/43950\/revisions\/43951"}],"wp:attachment":[{"href":"https:\/\/blogs.elcomercio.es\/reflexiones-de-belarmino\/wp-json\/wp\/v2\/media?parent=43950"}],"wp:term":[{"taxonomy":"category","embeddable":true,"href":"https:\/\/blogs.elcomercio.es\/reflexiones-de-belarmino\/wp-json\/wp\/v2\/categories?post=43950"},{"taxonomy":"post_tag","embeddable":true,"href":"https:\/\/blogs.elcomercio.es\/reflexiones-de-belarmino\/wp-json\/wp\/v2\/tags?post=43950"}],"curies":[{"name":"wp","href":"https:\/\/api.w.org\/{rel}","templated":true}]}}