{"id":43952,"date":"2025-08-12T10:43:01","date_gmt":"2025-08-12T08:43:01","guid":{"rendered":"https:\/\/blogs.elcomercio.es\/reflexiones-de-belarmino\/?p=43952"},"modified":"2025-08-12T10:43:01","modified_gmt":"2025-08-12T08:43:01","slug":"el-1-de-septiembre-con-la-nueva-suprema-corte-de-justicia-entra-el-pueblo-hugo-aguilar-indigena-oaxaqueno-presidente-electo-de-la-suporema-corte-de-justicia","status":"publish","type":"post","link":"https:\/\/blogs.elcomercio.es\/reflexiones-de-belarmino\/2025\/08\/12\/el-1-de-septiembre-con-la-nueva-suprema-corte-de-justicia-entra-el-pueblo-hugo-aguilar-indigena-oaxaqueno-presidente-electo-de-la-suporema-corte-de-justicia\/","title":{"rendered":"\u00a1\u00a1\u00a1\u00a1\u00a1\u00a1&#8221;EL 1 DE SEPTIEMBRE, CON LA NUEVA SUPREMA CORTE DE JUSTICIA ENTRA EL PUEBLO&#8221;: HUGO AGUILAR, INDIGENA OAXAQUE\u00d1O, PRESIDENTE ELECTO DE LA SUPOREMA CORTE DE JUSTICIA DE LA NACION!!"},"content":{"rendered":"\n<p>El 1 de septiembre, en un hecho hist\u00f3rico, no s\u00f3lo se renueva el Poder Judicial, esta vez electo democraticamente por el pueblo, sino que al frente queda, de nuevo, como en 1857, con Benito J\u00faarez, un indigena oaxaque\u00f1o, este  mixtecoi, Ju\u00e1rez MIxteco.Hugo Aguilar respetado jurista declar\u00f3:&#8221; EL 1 DE SEPTIEMBRE CON LA SUPREMA CORTE DE JUSTICIA, ENTRA EL PUEBLO.&#8221;<\/p>\n\n\n\n<p>(No olvidar que el Benito de a familia Moussolini, fue en honor a aquel Benito Juarez, primer presidente indigena, que no s\u00f3lo derrota con el pueblo mexicano,  a las fuerzas de Napole\u00f3n III, sino que fusila a Maximiliano de Habsburgo)<\/p>\n<!-- AddThis Advanced Settings generic via filter on the_content --><!-- AddThis Share Buttons generic via filter on the_content -->","protected":false},"excerpt":{"rendered":"<p>El 1 de septiembre, en un hecho hist\u00f3rico, no s\u00f3lo se renueva el Poder Judicial, esta vez electo democraticamente por el pueblo, sino que al frente queda, de nuevo, como en 1857, con Benito J\u00faarez, un indigena oaxaque\u00f1o, este mixtecoi, Ju\u00e1rez MIxteco.Hugo Aguilar respetado jurista declar\u00f3:&#8221; EL 1 DE SEPTIEMBRE CON LA SUPREMA CORTE DE [&hellip;]<!-- AddThis Advanced Settings generic via filter on get_the_excerpt --><!-- AddThis Share Buttons generic via filter on get_the_excerpt --><\/p>\n","protected":false},"author":16,"featured_media":0,"comment_status":"open","ping_status":"closed","sticky":false,"template":"","format":"standard","meta":[],"categories":[1],"tags":[],"_links":{"self":[{"href":"https:\/\/blogs.elcomercio.es\/reflexiones-de-belarmino\/wp-json\/wp\/v2\/posts\/43952"}],"collection":[{"href":"https:\/\/blogs.elcomercio.es\/reflexiones-de-belarmino\/wp-json\/wp\/v2\/posts"}],"about":[{"href":"https:\/\/blogs.elcomercio.es\/reflexiones-de-belarmino\/wp-json\/wp\/v2\/types\/post"}],"author":[{"embeddable":true,"href":"https:\/\/blogs.elcomercio.es\/reflexiones-de-belarmino\/wp-json\/wp\/v2\/users\/16"}],"replies":[{"embeddable":true,"href":"https:\/\/blogs.elcomercio.es\/reflexiones-de-belarmino\/wp-json\/wp\/v2\/comments?post=43952"}],"version-history":[{"count":1,"href":"https:\/\/blogs.elcomercio.es\/reflexiones-de-belarmino\/wp-json\/wp\/v2\/posts\/43952\/revisions"}],"predecessor-version":[{"id":43953,"href":"https:\/\/blogs.elcomercio.es\/reflexiones-de-belarmino\/wp-json\/wp\/v2\/posts\/43952\/revisions\/43953"}],"wp:attachment":[{"href":"https:\/\/blogs.elcomercio.es\/reflexiones-de-belarmino\/wp-json\/wp\/v2\/media?parent=43952"}],"wp:term":[{"taxonomy":"category","embeddable":true,"href":"https:\/\/blogs.elcomercio.es\/reflexiones-de-belarmino\/wp-json\/wp\/v2\/categories?post=43952"},{"taxonomy":"post_tag","embeddable":true,"href":"https:\/\/blogs.elcomercio.es\/reflexiones-de-belarmino\/wp-json\/wp\/v2\/tags?post=43952"}],"curies":[{"name":"wp","href":"https:\/\/api.w.org\/{rel}","templated":true}]}}