{"id":43954,"date":"2025-08-12T12:17:30","date_gmt":"2025-08-12T10:17:30","guid":{"rendered":"https:\/\/blogs.elcomercio.es\/reflexiones-de-belarmino\/?p=43954"},"modified":"2025-08-12T12:17:30","modified_gmt":"2025-08-12T10:17:30","slug":"el-espiritu-de-aquel-gijon-capital-de-la-asturias-soberana-recibe-hoy-a-los-primeros-ninos-migrantes","status":"publish","type":"post","link":"https:\/\/blogs.elcomercio.es\/reflexiones-de-belarmino\/2025\/08\/12\/el-espiritu-de-aquel-gijon-capital-de-la-asturias-soberana-recibe-hoy-a-los-primeros-ninos-migrantes\/","title":{"rendered":"\u00a1\u00a1\u00a1\u00a1\u00a1\u00a1EL ESPIRITU DE AQUEL GIJ\u00d3N, CAPITAL DE LA ASTURIAS SOBERANA, RECIBE HOY A LOS PRIMEROS NI\u00d1OS MIGRANTES !!!"},"content":{"rendered":"\n<p>Casi nadie n lo sabe, por que en el fraquismo y en la transici\u00f3n nadie se lo explic\u00f3, pero en agosto de 1937, GIJON FUE LA CAPITAL DE LA ASTURIAS SOBERANA. Aqu\u00ed se resist\u00eda, capital del Frente Norte(leoneses,asturinaos, cantabros y vascos ),   durate 461 d\u00edas el Levanatamiento contra la legalidad Repubicana.El Consejo de Asturias y Leon  declar\u00f3 la Soberania para sobrevivir, como lo hab\u00edan hecho toda su vida los obreros, socialistas, comunistas y anarquistas, cosa que no entendieron en Valencia ni Aza\u00f1a ni aquellos republicanos, que mandar\u00f3n a Belarmino Tom\u00e1s ir a Valencia a dar explicaciones, que los mand\u00f3 al carajo y mand\u00f3 a Amador Fern\u00e1ndez.<\/p>\n\n\n\n<p>Era Gij\u00f3n, la capital de Asturias, donde se firma la Soberania.<\/p>\n\n\n\n<p>Cuando Franco triunfa, QUITA EL NOMBRE DE ASTURIAS DURANTE 40 A\u00d1OS y la convierte en OVIEDO.<\/p>\n\n\n\n<p>Ya en la trsnsici\u00f3n recupera el nombre de Asturias,<\/p>\n\n\n\n<p>.Ese espiritu, apareci\u00f3 hoy al recibir GIJON  A LOS PRIMEROS NI\u00d1OS MIGRANTES.<\/p>\n\n\n\n<p>Vetusta es Vetusta, Asturias es Asturias y un d\u00eda se conocer\u00f1\u00e1 el espiritu de aquel Gij\u00f3n.<\/p>\n<!-- AddThis Advanced Settings generic via filter on the_content --><!-- AddThis Share Buttons generic via filter on the_content -->","protected":false},"excerpt":{"rendered":"<p>Casi nadie n lo sabe, por que en el fraquismo y en la transici\u00f3n nadie se lo explic\u00f3, pero en agosto de 1937, GIJON FUE LA CAPITAL DE LA ASTURIAS SOBERANA. Aqu\u00ed se resist\u00eda, capital del Frente Norte(leoneses,asturinaos, cantabros y vascos ), durate 461 d\u00edas el Levanatamiento contra la legalidad Repubicana.El Consejo de Asturias y [&hellip;]<!-- AddThis Advanced Settings generic via filter on get_the_excerpt --><!-- AddThis Share Buttons generic via filter on get_the_excerpt --><\/p>\n","protected":false},"author":16,"featured_media":0,"comment_status":"open","ping_status":"closed","sticky":false,"template":"","format":"standard","meta":[],"categories":[1],"tags":[],"_links":{"self":[{"href":"https:\/\/blogs.elcomercio.es\/reflexiones-de-belarmino\/wp-json\/wp\/v2\/posts\/43954"}],"collection":[{"href":"https:\/\/blogs.elcomercio.es\/reflexiones-de-belarmino\/wp-json\/wp\/v2\/posts"}],"about":[{"href":"https:\/\/blogs.elcomercio.es\/reflexiones-de-belarmino\/wp-json\/wp\/v2\/types\/post"}],"author":[{"embeddable":true,"href":"https:\/\/blogs.elcomercio.es\/reflexiones-de-belarmino\/wp-json\/wp\/v2\/users\/16"}],"replies":[{"embeddable":true,"href":"https:\/\/blogs.elcomercio.es\/reflexiones-de-belarmino\/wp-json\/wp\/v2\/comments?post=43954"}],"version-history":[{"count":1,"href":"https:\/\/blogs.elcomercio.es\/reflexiones-de-belarmino\/wp-json\/wp\/v2\/posts\/43954\/revisions"}],"predecessor-version":[{"id":43955,"href":"https:\/\/blogs.elcomercio.es\/reflexiones-de-belarmino\/wp-json\/wp\/v2\/posts\/43954\/revisions\/43955"}],"wp:attachment":[{"href":"https:\/\/blogs.elcomercio.es\/reflexiones-de-belarmino\/wp-json\/wp\/v2\/media?parent=43954"}],"wp:term":[{"taxonomy":"category","embeddable":true,"href":"https:\/\/blogs.elcomercio.es\/reflexiones-de-belarmino\/wp-json\/wp\/v2\/categories?post=43954"},{"taxonomy":"post_tag","embeddable":true,"href":"https:\/\/blogs.elcomercio.es\/reflexiones-de-belarmino\/wp-json\/wp\/v2\/tags?post=43954"}],"curies":[{"name":"wp","href":"https:\/\/api.w.org\/{rel}","templated":true}]}}