{"id":43956,"date":"2025-08-12T16:41:20","date_gmt":"2025-08-12T14:41:20","guid":{"rendered":"https:\/\/blogs.elcomercio.es\/reflexiones-de-belarmino\/?p=43956"},"modified":"2025-08-12T16:41:21","modified_gmt":"2025-08-12T14:41:21","slug":"china-se-congratula-cumbre-trump-putin-pero-igual-que-seis-paises-de-europa-mantiene-que-en-la-solucion-esten-todas-las-parte-implicadas","status":"publish","type":"post","link":"https:\/\/blogs.elcomercio.es\/reflexiones-de-belarmino\/2025\/08\/12\/china-se-congratula-cumbre-trump-putin-pero-igual-que-seis-paises-de-europa-mantiene-que-en-la-solucion-esten-todas-las-parte-implicadas\/","title":{"rendered":"\u00a1\u00a1\u00a1\u00a1CHINA SE CONGRATULA CUMBRE TRUMP PUTIN, PERO, IGUAL QUE SEIS PAISES DE EUROPA, MANTIENE QUE EN LA SOLUCI\u00d3N EST\u00c9N TODAS LAS PARTE IMPLICADAS !!!"},"content":{"rendered":"\n<p>Las presiones sobre la Cumbre de Alaska entre Donald Trump y Vladimir Putin, aumentan y desaparece cualquier decisi\u00f3n unilateral. Xi Jinping, se congratula de la reuni\u00f3n pero dice que en la soluci\u00f3n final tienen que estar todas las partes afectadas.En la misma direcci\u00f3n ayer firmaron un acuerdo con Ursula Von der Leyen, los primeros ministros o presidentes de Francia, Reino Unido, Alemania, Italia, Polonia y Finlandia. NI Espa\u00f1a ni Orban est\u00e1n incluidos.<\/p>\n<!-- AddThis Advanced Settings generic via filter on the_content --><!-- AddThis Share Buttons generic via filter on the_content -->","protected":false},"excerpt":{"rendered":"<p>Las presiones sobre la Cumbre de Alaska entre Donald Trump y Vladimir Putin, aumentan y desaparece cualquier decisi\u00f3n unilateral. Xi Jinping, se congratula de la reuni\u00f3n pero dice que en la soluci\u00f3n final tienen que estar todas las partes afectadas.En la misma direcci\u00f3n ayer firmaron un acuerdo con Ursula Von der Leyen, los primeros ministros [&hellip;]<!-- AddThis Advanced Settings generic via filter on get_the_excerpt --><!-- AddThis Share Buttons generic via filter on get_the_excerpt --><\/p>\n","protected":false},"author":16,"featured_media":0,"comment_status":"open","ping_status":"closed","sticky":false,"template":"","format":"standard","meta":[],"categories":[1],"tags":[],"_links":{"self":[{"href":"https:\/\/blogs.elcomercio.es\/reflexiones-de-belarmino\/wp-json\/wp\/v2\/posts\/43956"}],"collection":[{"href":"https:\/\/blogs.elcomercio.es\/reflexiones-de-belarmino\/wp-json\/wp\/v2\/posts"}],"about":[{"href":"https:\/\/blogs.elcomercio.es\/reflexiones-de-belarmino\/wp-json\/wp\/v2\/types\/post"}],"author":[{"embeddable":true,"href":"https:\/\/blogs.elcomercio.es\/reflexiones-de-belarmino\/wp-json\/wp\/v2\/users\/16"}],"replies":[{"embeddable":true,"href":"https:\/\/blogs.elcomercio.es\/reflexiones-de-belarmino\/wp-json\/wp\/v2\/comments?post=43956"}],"version-history":[{"count":1,"href":"https:\/\/blogs.elcomercio.es\/reflexiones-de-belarmino\/wp-json\/wp\/v2\/posts\/43956\/revisions"}],"predecessor-version":[{"id":43957,"href":"https:\/\/blogs.elcomercio.es\/reflexiones-de-belarmino\/wp-json\/wp\/v2\/posts\/43956\/revisions\/43957"}],"wp:attachment":[{"href":"https:\/\/blogs.elcomercio.es\/reflexiones-de-belarmino\/wp-json\/wp\/v2\/media?parent=43956"}],"wp:term":[{"taxonomy":"category","embeddable":true,"href":"https:\/\/blogs.elcomercio.es\/reflexiones-de-belarmino\/wp-json\/wp\/v2\/categories?post=43956"},{"taxonomy":"post_tag","embeddable":true,"href":"https:\/\/blogs.elcomercio.es\/reflexiones-de-belarmino\/wp-json\/wp\/v2\/tags?post=43956"}],"curies":[{"name":"wp","href":"https:\/\/api.w.org\/{rel}","templated":true}]}}