{"id":43960,"date":"2025-08-13T11:50:49","date_gmt":"2025-08-13T09:50:49","guid":{"rendered":"https:\/\/blogs.elcomercio.es\/reflexiones-de-belarmino\/?p=43960"},"modified":"2025-08-13T11:50:51","modified_gmt":"2025-08-13T09:50:51","slug":"espana-arde-y-ardera-mas-europa-arde-y-ardera-mas-preciso-medidas-nuevos-tiempos-ni-un-voto-a-los-que-niegan-el-cambio-climatico","status":"publish","type":"post","link":"https:\/\/blogs.elcomercio.es\/reflexiones-de-belarmino\/2025\/08\/13\/espana-arde-y-ardera-mas-europa-arde-y-ardera-mas-preciso-medidas-nuevos-tiempos-ni-un-voto-a-los-que-niegan-el-cambio-climatico\/","title":{"rendered":"\u00a1\u00a1\u00a1\u00a1ESPA\u00d1A ARDE Y ARDERA MAS; EUROPA, ARDE Y ARDER\u00c1 MAS . PRECISO MEDIDAS NUEVOS TIEMPOS, NI UN VOTO A LOS QUE NIEGAN EL &#8220;CAMBIO CLIM\u00c1TICO&#8221;!!!"},"content":{"rendered":"\n<p>J\u00f3venes, no se confundan. A la crisis, el darle un voto a VOX en Espa\u00f1a, es ir contra todos. El negar el &#8220;cambio clim\u00e1tico&#8221; es de hace 2 siglos. Espa\u00f1a arde y arder\u00e1 m\u00e1s, Europa ardee y arder\u00e1 m\u00e1s.El Mediterr\u00e1neo el foco, el mar mas caluroso del mundo.Necesitamos tomar medidas ya, para los pr\u00f3ximos 20 a\u00f1os, aqu\u00ed y en el mundo.El mundo las tomara\u00e1, pero para nosotros hay un espacio llamado ESPA\u00d1A.Nuestros politicos a la altura del &#8220;bet\u00fan &#8220;.<\/p>\n<!-- AddThis Advanced Settings generic via filter on the_content --><!-- AddThis Share Buttons generic via filter on the_content -->","protected":false},"excerpt":{"rendered":"<p>J\u00f3venes, no se confundan. A la crisis, el darle un voto a VOX en Espa\u00f1a, es ir contra todos. El negar el &#8220;cambio clim\u00e1tico&#8221; es de hace 2 siglos. Espa\u00f1a arde y arder\u00e1 m\u00e1s, Europa ardee y arder\u00e1 m\u00e1s.El Mediterr\u00e1neo el foco, el mar mas caluroso del mundo.Necesitamos tomar medidas ya, para los pr\u00f3ximos 20 [&hellip;]<!-- AddThis Advanced Settings generic via filter on get_the_excerpt --><!-- AddThis Share Buttons generic via filter on get_the_excerpt --><\/p>\n","protected":false},"author":16,"featured_media":0,"comment_status":"open","ping_status":"closed","sticky":false,"template":"","format":"standard","meta":[],"categories":[1],"tags":[],"_links":{"self":[{"href":"https:\/\/blogs.elcomercio.es\/reflexiones-de-belarmino\/wp-json\/wp\/v2\/posts\/43960"}],"collection":[{"href":"https:\/\/blogs.elcomercio.es\/reflexiones-de-belarmino\/wp-json\/wp\/v2\/posts"}],"about":[{"href":"https:\/\/blogs.elcomercio.es\/reflexiones-de-belarmino\/wp-json\/wp\/v2\/types\/post"}],"author":[{"embeddable":true,"href":"https:\/\/blogs.elcomercio.es\/reflexiones-de-belarmino\/wp-json\/wp\/v2\/users\/16"}],"replies":[{"embeddable":true,"href":"https:\/\/blogs.elcomercio.es\/reflexiones-de-belarmino\/wp-json\/wp\/v2\/comments?post=43960"}],"version-history":[{"count":1,"href":"https:\/\/blogs.elcomercio.es\/reflexiones-de-belarmino\/wp-json\/wp\/v2\/posts\/43960\/revisions"}],"predecessor-version":[{"id":43961,"href":"https:\/\/blogs.elcomercio.es\/reflexiones-de-belarmino\/wp-json\/wp\/v2\/posts\/43960\/revisions\/43961"}],"wp:attachment":[{"href":"https:\/\/blogs.elcomercio.es\/reflexiones-de-belarmino\/wp-json\/wp\/v2\/media?parent=43960"}],"wp:term":[{"taxonomy":"category","embeddable":true,"href":"https:\/\/blogs.elcomercio.es\/reflexiones-de-belarmino\/wp-json\/wp\/v2\/categories?post=43960"},{"taxonomy":"post_tag","embeddable":true,"href":"https:\/\/blogs.elcomercio.es\/reflexiones-de-belarmino\/wp-json\/wp\/v2\/tags?post=43960"}],"curies":[{"name":"wp","href":"https:\/\/api.w.org\/{rel}","templated":true}]}}