{"id":43962,"date":"2025-08-13T12:00:00","date_gmt":"2025-08-13T10:00:00","guid":{"rendered":"https:\/\/blogs.elcomercio.es\/reflexiones-de-belarmino\/?p=43962"},"modified":"2025-08-13T12:00:35","modified_gmt":"2025-08-13T10:00:35","slug":"conferencia-virtual-de-trump-con-zelensky-y-lideres-francia-reino-unido-alemania-italia-polonia-y-finlandia-antes-de-la-cumbre-en-alaska-el-viernes","status":"publish","type":"post","link":"https:\/\/blogs.elcomercio.es\/reflexiones-de-belarmino\/2025\/08\/13\/conferencia-virtual-de-trump-con-zelensky-y-lideres-francia-reino-unido-alemania-italia-polonia-y-finlandia-antes-de-la-cumbre-en-alaska-el-viernes\/","title":{"rendered":"\u00a1\u00a1\u00a1\u00a1\u00a1\u00a1CONFERENCIA VIRTUAL DE TRUMP, CON ZELENSKY  Y LIDERES FRANCIA, REINO UNIDO, ALEMANIA, ITALIA, POLONIA Y FINLANDIA, ANTES DE LA CUMBRE EN ALASKA EL VIERNES !!!"},"content":{"rendered":"\n<p>Hasta Xi, coincide. La soluci\u00f3n en Ucrania requiere de TODAS LAS PARTES. Europa presion\u00f3  y gan\u00f3. Trump tendr\u00e1 una conferencia virtual con Zelesky y los mandatarios de Francia, Reino Unido Alemania, Italia, Finlandia y Polonia.Al sentarse el viernes e Anchorage, en Alaska, Put\u00edn tendr\u00e1 esa presi\u00f3n.<\/p>\n<!-- AddThis Advanced Settings generic via filter on the_content --><!-- AddThis Share Buttons generic via filter on the_content -->","protected":false},"excerpt":{"rendered":"<p>Hasta Xi, coincide. La soluci\u00f3n en Ucrania requiere de TODAS LAS PARTES. Europa presion\u00f3 y gan\u00f3. Trump tendr\u00e1 una conferencia virtual con Zelesky y los mandatarios de Francia, Reino Unido Alemania, Italia, Finlandia y Polonia.Al sentarse el viernes e Anchorage, en Alaska, Put\u00edn tendr\u00e1 esa presi\u00f3n.<!-- AddThis Advanced Settings generic via filter on get_the_excerpt --><!-- AddThis Share Buttons generic via filter on get_the_excerpt --><\/p>\n","protected":false},"author":16,"featured_media":0,"comment_status":"open","ping_status":"closed","sticky":false,"template":"","format":"standard","meta":[],"categories":[1],"tags":[],"_links":{"self":[{"href":"https:\/\/blogs.elcomercio.es\/reflexiones-de-belarmino\/wp-json\/wp\/v2\/posts\/43962"}],"collection":[{"href":"https:\/\/blogs.elcomercio.es\/reflexiones-de-belarmino\/wp-json\/wp\/v2\/posts"}],"about":[{"href":"https:\/\/blogs.elcomercio.es\/reflexiones-de-belarmino\/wp-json\/wp\/v2\/types\/post"}],"author":[{"embeddable":true,"href":"https:\/\/blogs.elcomercio.es\/reflexiones-de-belarmino\/wp-json\/wp\/v2\/users\/16"}],"replies":[{"embeddable":true,"href":"https:\/\/blogs.elcomercio.es\/reflexiones-de-belarmino\/wp-json\/wp\/v2\/comments?post=43962"}],"version-history":[{"count":2,"href":"https:\/\/blogs.elcomercio.es\/reflexiones-de-belarmino\/wp-json\/wp\/v2\/posts\/43962\/revisions"}],"predecessor-version":[{"id":43964,"href":"https:\/\/blogs.elcomercio.es\/reflexiones-de-belarmino\/wp-json\/wp\/v2\/posts\/43962\/revisions\/43964"}],"wp:attachment":[{"href":"https:\/\/blogs.elcomercio.es\/reflexiones-de-belarmino\/wp-json\/wp\/v2\/media?parent=43962"}],"wp:term":[{"taxonomy":"category","embeddable":true,"href":"https:\/\/blogs.elcomercio.es\/reflexiones-de-belarmino\/wp-json\/wp\/v2\/categories?post=43962"},{"taxonomy":"post_tag","embeddable":true,"href":"https:\/\/blogs.elcomercio.es\/reflexiones-de-belarmino\/wp-json\/wp\/v2\/tags?post=43962"}],"curies":[{"name":"wp","href":"https:\/\/api.w.org\/{rel}","templated":true}]}}