{"id":43965,"date":"2025-08-13T12:13:36","date_gmt":"2025-08-13T10:13:36","guid":{"rendered":"https:\/\/blogs.elcomercio.es\/reflexiones-de-belarmino\/?p=43965"},"modified":"2025-08-13T12:13:39","modified_gmt":"2025-08-13T10:13:39","slug":"estados-unidos-agradece-a-mexico-la-entrega-ayer-de-26-altos-narcotraficantes-de-todos-los-carteles-es-el-segundo-envio-masivoantes-32-mexico-decapita-a-58-cap","status":"publish","type":"post","link":"https:\/\/blogs.elcomercio.es\/reflexiones-de-belarmino\/2025\/08\/13\/estados-unidos-agradece-a-mexico-la-entrega-ayer-de-26-altos-narcotraficantes-de-todos-los-carteles-es-el-segundo-envio-masivoantes-32-mexico-decapita-a-58-cap\/","title":{"rendered":"\u00a1\u00a1\u00a1\u00a1\u00a1\u00a1ESTADOS UNIDOS AGRADECE A MEXICO LA ENTREGA AYER  DE 26 ALTOS NARCOTRAFICANTES DE TODOS LOS CARTELES. ES EL SEGUNDO ENVIO MASIVO:ANTES 32 . MEXICO DECAPITA A 58 CAPOS Y LOS MANDA A LOS TRIBUNALES DE EE.UU !!!"},"content":{"rendered":"\n<p>Callada, la Presidenta de la Reopublica y su Gabinete de Seguridad, han dado un importante golpe de efecto ante las presiones de EE:UU, Ayer entreg\u00f3 a 26 altos dirigentes de todos los c\u00e1rtele, que le mereci\u00f3 la felicitaci\u00f3 de los EE:UU. Hace 3 meses habia enviado a 32 m\u00e1s. Gracias a la presi\u00f3n de EE: MEXICO SE HA DESECHO DE 58 LIDERES DE TODOS LOS CARTELES.. Cabeza fr\u00eda, sin aspavientos, M\u00ebxico ha conducido la relaci\u00f3n co Trump. Es el \u00fanico pa\u00eds en el mundo que, junto con China Trump ha dado 90 d\u00edas para terminar negociaciones.<\/p>\n<!-- AddThis Advanced Settings generic via filter on the_content --><!-- AddThis Share Buttons generic via filter on the_content -->","protected":false},"excerpt":{"rendered":"<p>Callada, la Presidenta de la Reopublica y su Gabinete de Seguridad, han dado un importante golpe de efecto ante las presiones de EE:UU, Ayer entreg\u00f3 a 26 altos dirigentes de todos los c\u00e1rtele, que le mereci\u00f3 la felicitaci\u00f3 de los EE:UU. Hace 3 meses habia enviado a 32 m\u00e1s. Gracias a la presi\u00f3n de EE: [&hellip;]<!-- AddThis Advanced Settings generic via filter on get_the_excerpt --><!-- AddThis Share Buttons generic via filter on get_the_excerpt --><\/p>\n","protected":false},"author":16,"featured_media":0,"comment_status":"open","ping_status":"closed","sticky":false,"template":"","format":"standard","meta":[],"categories":[1],"tags":[],"_links":{"self":[{"href":"https:\/\/blogs.elcomercio.es\/reflexiones-de-belarmino\/wp-json\/wp\/v2\/posts\/43965"}],"collection":[{"href":"https:\/\/blogs.elcomercio.es\/reflexiones-de-belarmino\/wp-json\/wp\/v2\/posts"}],"about":[{"href":"https:\/\/blogs.elcomercio.es\/reflexiones-de-belarmino\/wp-json\/wp\/v2\/types\/post"}],"author":[{"embeddable":true,"href":"https:\/\/blogs.elcomercio.es\/reflexiones-de-belarmino\/wp-json\/wp\/v2\/users\/16"}],"replies":[{"embeddable":true,"href":"https:\/\/blogs.elcomercio.es\/reflexiones-de-belarmino\/wp-json\/wp\/v2\/comments?post=43965"}],"version-history":[{"count":1,"href":"https:\/\/blogs.elcomercio.es\/reflexiones-de-belarmino\/wp-json\/wp\/v2\/posts\/43965\/revisions"}],"predecessor-version":[{"id":43966,"href":"https:\/\/blogs.elcomercio.es\/reflexiones-de-belarmino\/wp-json\/wp\/v2\/posts\/43965\/revisions\/43966"}],"wp:attachment":[{"href":"https:\/\/blogs.elcomercio.es\/reflexiones-de-belarmino\/wp-json\/wp\/v2\/media?parent=43965"}],"wp:term":[{"taxonomy":"category","embeddable":true,"href":"https:\/\/blogs.elcomercio.es\/reflexiones-de-belarmino\/wp-json\/wp\/v2\/categories?post=43965"},{"taxonomy":"post_tag","embeddable":true,"href":"https:\/\/blogs.elcomercio.es\/reflexiones-de-belarmino\/wp-json\/wp\/v2\/tags?post=43965"}],"curies":[{"name":"wp","href":"https:\/\/api.w.org\/{rel}","templated":true}]}}