{"id":43968,"date":"2025-08-13T20:15:52","date_gmt":"2025-08-13T18:15:52","guid":{"rendered":"https:\/\/blogs.elcomercio.es\/reflexiones-de-belarmino\/?p=43968"},"modified":"2025-08-13T20:15:53","modified_gmt":"2025-08-13T18:15:53","slug":"oficial-disminucion-de-la-pobreza-de-2018-a-2024-13-41-millones-de-habitantes-disminuir-la-pobreza-y-vivir-sin-opulencias-nuestro-objetivosheinbau","status":"publish","type":"post","link":"https:\/\/blogs.elcomercio.es\/reflexiones-de-belarmino\/2025\/08\/13\/oficial-disminucion-de-la-pobreza-de-2018-a-2024-13-41-millones-de-habitantes-disminuir-la-pobreza-y-vivir-sin-opulencias-nuestro-objetivosheinbau\/","title":{"rendered":"\u00a1\u00a1\u00a1\u00a1\u00a1\u00a1\u00a1OFICIAL.- &#8220;DISMINUCI\u00d3N DE LA POBREZA DE 2018 A 2024: 13.41 MILLONES DE HABITANTES.&#8221;&#8221;DISMINUIR LA POBREZA Y VIVIR SIN OPULENCIAS NUESTRO OBJETIVO&#8221;:SHEINBAUM !!!!"},"content":{"rendered":"\n<p>Hoy, el Instituto Nacional de Estadistica inform\u00f3 que en 2018 hab\u00eda en el umbral de la miseria 51.9 millones de habitantes y en 2024 , 38.06 millones, es decir que baj\u00f3 con L\u00f3pez Obrador 13.400,000 de habitantes. La  Presidenta dijo&#8221;: COMBATIR LA POBREZA Y VIVIR SIN OPULENCIA, nuestros objetivos&#8221;<\/p>\n<!-- AddThis Advanced Settings generic via filter on the_content --><!-- AddThis Share Buttons generic via filter on the_content -->","protected":false},"excerpt":{"rendered":"<p>Hoy, el Instituto Nacional de Estadistica inform\u00f3 que en 2018 hab\u00eda en el umbral de la miseria 51.9 millones de habitantes y en 2024 , 38.06 millones, es decir que baj\u00f3 con L\u00f3pez Obrador 13.400,000 de habitantes. La Presidenta dijo&#8221;: COMBATIR LA POBREZA Y VIVIR SIN OPULENCIA, nuestros objetivos&#8221;<!-- AddThis Advanced Settings generic via filter on get_the_excerpt --><!-- AddThis Share Buttons generic via filter on get_the_excerpt --><\/p>\n","protected":false},"author":16,"featured_media":0,"comment_status":"open","ping_status":"closed","sticky":false,"template":"","format":"standard","meta":[],"categories":[1],"tags":[],"_links":{"self":[{"href":"https:\/\/blogs.elcomercio.es\/reflexiones-de-belarmino\/wp-json\/wp\/v2\/posts\/43968"}],"collection":[{"href":"https:\/\/blogs.elcomercio.es\/reflexiones-de-belarmino\/wp-json\/wp\/v2\/posts"}],"about":[{"href":"https:\/\/blogs.elcomercio.es\/reflexiones-de-belarmino\/wp-json\/wp\/v2\/types\/post"}],"author":[{"embeddable":true,"href":"https:\/\/blogs.elcomercio.es\/reflexiones-de-belarmino\/wp-json\/wp\/v2\/users\/16"}],"replies":[{"embeddable":true,"href":"https:\/\/blogs.elcomercio.es\/reflexiones-de-belarmino\/wp-json\/wp\/v2\/comments?post=43968"}],"version-history":[{"count":1,"href":"https:\/\/blogs.elcomercio.es\/reflexiones-de-belarmino\/wp-json\/wp\/v2\/posts\/43968\/revisions"}],"predecessor-version":[{"id":43969,"href":"https:\/\/blogs.elcomercio.es\/reflexiones-de-belarmino\/wp-json\/wp\/v2\/posts\/43968\/revisions\/43969"}],"wp:attachment":[{"href":"https:\/\/blogs.elcomercio.es\/reflexiones-de-belarmino\/wp-json\/wp\/v2\/media?parent=43968"}],"wp:term":[{"taxonomy":"category","embeddable":true,"href":"https:\/\/blogs.elcomercio.es\/reflexiones-de-belarmino\/wp-json\/wp\/v2\/categories?post=43968"},{"taxonomy":"post_tag","embeddable":true,"href":"https:\/\/blogs.elcomercio.es\/reflexiones-de-belarmino\/wp-json\/wp\/v2\/tags?post=43968"}],"curies":[{"name":"wp","href":"https:\/\/api.w.org\/{rel}","templated":true}]}}