{"id":43978,"date":"2025-08-14T13:09:53","date_gmt":"2025-08-14T11:09:53","guid":{"rendered":"https:\/\/blogs.elcomercio.es\/reflexiones-de-belarmino\/?p=43978"},"modified":"2025-08-14T13:09:54","modified_gmt":"2025-08-14T11:09:54","slug":"trump-baja-la-expectativas-europa-marginada-en-un-mesrusia-ha-avanzado-700-kilometros-cuadrados-a-11-kms-de-dos-ciudades-claves-de-donestk-putin-no-cedera","status":"publish","type":"post","link":"https:\/\/blogs.elcomercio.es\/reflexiones-de-belarmino\/2025\/08\/14\/trump-baja-la-expectativas-europa-marginada-en-un-mesrusia-ha-avanzado-700-kilometros-cuadrados-a-11-kms-de-dos-ciudades-claves-de-donestk-putin-no-cedera\/","title":{"rendered":"\u00a1\u00a1\u00a1\u00a1TRUMP, BAJA LA EXPECTATIVAS. EUROPA MARGINADA. EN UN MES,RUSIA HA AVANZADO 700 KILOMETROS CUADRADOS , A 11 KMS DE DOS CIUDADES CLAVES DE DONESTK..PUTIN NO CEDER\u00c1 !!!"},"content":{"rendered":"\n<p>Ma\u00f1ana a las 19.30 hs (Espa\u00f1a), en Ancorage, Alaska, se reunen, por fin, Trump y Putin. Una primera parte ellos s\u00f3los con sus interpretes; la segunda con las delegaciones de 5 personas cada pa\u00eds.El mundo observa. La cara de Zelensky lo dice todo. Los 50 famosos Europa y alaiados, desde la barrera observan sin esperanzas. Esos 50, que Borrell dec\u00eda que reconoc\u00edan a Guaid\u00f3 en Venezuela, son los 27 de la Uni\u00f3n Europea y los 23 de la Commonwelth. A Espa\u00f1a lo ubicaron ayer, fuera de Alemania y parte de los 50. Trump no puede ver a Pedro Sanchez, enemigo de su &#8220;cuate&#8221;, &#8221; Santi &#8220;.<\/p>\n\n\n\n<p>Informaci\u00f3N para entender lo que suceder\u00e1. Trump buscar\u00e1 acuerdos con su amigo Putin que convengan a ambos paises; consolidar\u00e1 las &#8220;tierras raras&#8221; de Ucrania, pero  el 20 % de los territorios drecuperados por Rusia, ni se tocar\u00e1n.<\/p>\n\n\n\n<p>Putin, con todas las pelotas en su cancha, apuesta por la condolidaci\u00f3n de los territorrios que ha recuperado. En un mes, Rusia ha ganado 700 kilometros cuadrados y est\u00e1 a 11 kms. de dos ciudades claves para consolidar Donestk.Adem\u00e1s, ha puesto en movimiento los misiles hipersonicos, indetectables, lo que indica(el \u00fanico que lo dijo ayer, con cara sombr\u00eda, fue Zelensky: &#8221; Putin esta fanfarroneando &#8220;), y no va a haber quien lo mueva, y TRump lo sabe, al fin, aliados.<\/p>\n\n\n\n<p>Y Europa, como en Medio Oriente, mirando, incapaces, en su proceso del fin de la UNi\u00f3n Europea y el surgimiento de la Europa de lass Naciones poderosas como en 1870.<\/p>\n\n\n\n<p><\/p>\n\n\n\n<p><\/p>\n\n\n\n<p>.<\/p>\n\n\n\n<p><\/p>\n<!-- AddThis Advanced Settings generic via filter on the_content --><!-- AddThis Share Buttons generic via filter on the_content -->","protected":false},"excerpt":{"rendered":"<p>Ma\u00f1ana a las 19.30 hs (Espa\u00f1a), en Ancorage, Alaska, se reunen, por fin, Trump y Putin. Una primera parte ellos s\u00f3los con sus interpretes; la segunda con las delegaciones de 5 personas cada pa\u00eds.El mundo observa. La cara de Zelensky lo dice todo. Los 50 famosos Europa y alaiados, desde la barrera observan sin esperanzas. [&hellip;]<!-- AddThis Advanced Settings generic via filter on get_the_excerpt --><!-- AddThis Share Buttons generic via filter on get_the_excerpt --><\/p>\n","protected":false},"author":16,"featured_media":0,"comment_status":"open","ping_status":"closed","sticky":false,"template":"","format":"standard","meta":[],"categories":[1],"tags":[],"_links":{"self":[{"href":"https:\/\/blogs.elcomercio.es\/reflexiones-de-belarmino\/wp-json\/wp\/v2\/posts\/43978"}],"collection":[{"href":"https:\/\/blogs.elcomercio.es\/reflexiones-de-belarmino\/wp-json\/wp\/v2\/posts"}],"about":[{"href":"https:\/\/blogs.elcomercio.es\/reflexiones-de-belarmino\/wp-json\/wp\/v2\/types\/post"}],"author":[{"embeddable":true,"href":"https:\/\/blogs.elcomercio.es\/reflexiones-de-belarmino\/wp-json\/wp\/v2\/users\/16"}],"replies":[{"embeddable":true,"href":"https:\/\/blogs.elcomercio.es\/reflexiones-de-belarmino\/wp-json\/wp\/v2\/comments?post=43978"}],"version-history":[{"count":1,"href":"https:\/\/blogs.elcomercio.es\/reflexiones-de-belarmino\/wp-json\/wp\/v2\/posts\/43978\/revisions"}],"predecessor-version":[{"id":43979,"href":"https:\/\/blogs.elcomercio.es\/reflexiones-de-belarmino\/wp-json\/wp\/v2\/posts\/43978\/revisions\/43979"}],"wp:attachment":[{"href":"https:\/\/blogs.elcomercio.es\/reflexiones-de-belarmino\/wp-json\/wp\/v2\/media?parent=43978"}],"wp:term":[{"taxonomy":"category","embeddable":true,"href":"https:\/\/blogs.elcomercio.es\/reflexiones-de-belarmino\/wp-json\/wp\/v2\/categories?post=43978"},{"taxonomy":"post_tag","embeddable":true,"href":"https:\/\/blogs.elcomercio.es\/reflexiones-de-belarmino\/wp-json\/wp\/v2\/tags?post=43978"}],"curies":[{"name":"wp","href":"https:\/\/api.w.org\/{rel}","templated":true}]}}