{"id":43984,"date":"2025-08-15T11:23:16","date_gmt":"2025-08-15T09:23:16","guid":{"rendered":"https:\/\/blogs.elcomercio.es\/reflexiones-de-belarmino\/?p=43984"},"modified":"2025-08-15T11:23:17","modified_gmt":"2025-08-15T09:23:17","slug":"putin-y-trump-negocian-la-paz-con-ucrania-y-europa-en-vilo","status":"publish","type":"post","link":"https:\/\/blogs.elcomercio.es\/reflexiones-de-belarmino\/2025\/08\/15\/putin-y-trump-negocian-la-paz-con-ucrania-y-europa-en-vilo\/","title":{"rendered":"\u00a1\u00a1\u00a1\u00a1\u00a1\u00a1PUTIN Y TRUMP NEGOCIAN LA PAZ CON UCRANIA Y EUROPA EN VILO !!!"},"content":{"rendered":"\n<p>Es la portada principal de El Pais, en Espa\u00f1a, y expresa el sentir y el miedo sobre la cumbre de hoy a las 21.30 hs,espa\u00f1a, en Anchorage, en Alaska, que hay en Europa y en Ucrania, y la sintesis de un an\u00e1lisis natural sobre lo que pasar\u00e1 all\u00ed.<\/p>\n<!-- AddThis Advanced Settings generic via filter on the_content --><!-- AddThis Share Buttons generic via filter on the_content -->","protected":false},"excerpt":{"rendered":"<p>Es la portada principal de El Pais, en Espa\u00f1a, y expresa el sentir y el miedo sobre la cumbre de hoy a las 21.30 hs,espa\u00f1a, en Anchorage, en Alaska, que hay en Europa y en Ucrania, y la sintesis de un an\u00e1lisis natural sobre lo que pasar\u00e1 all\u00ed.<!-- AddThis Advanced Settings generic via filter on get_the_excerpt --><!-- AddThis Share Buttons generic via filter on get_the_excerpt --><\/p>\n","protected":false},"author":16,"featured_media":0,"comment_status":"open","ping_status":"closed","sticky":false,"template":"","format":"standard","meta":[],"categories":[1],"tags":[],"_links":{"self":[{"href":"https:\/\/blogs.elcomercio.es\/reflexiones-de-belarmino\/wp-json\/wp\/v2\/posts\/43984"}],"collection":[{"href":"https:\/\/blogs.elcomercio.es\/reflexiones-de-belarmino\/wp-json\/wp\/v2\/posts"}],"about":[{"href":"https:\/\/blogs.elcomercio.es\/reflexiones-de-belarmino\/wp-json\/wp\/v2\/types\/post"}],"author":[{"embeddable":true,"href":"https:\/\/blogs.elcomercio.es\/reflexiones-de-belarmino\/wp-json\/wp\/v2\/users\/16"}],"replies":[{"embeddable":true,"href":"https:\/\/blogs.elcomercio.es\/reflexiones-de-belarmino\/wp-json\/wp\/v2\/comments?post=43984"}],"version-history":[{"count":1,"href":"https:\/\/blogs.elcomercio.es\/reflexiones-de-belarmino\/wp-json\/wp\/v2\/posts\/43984\/revisions"}],"predecessor-version":[{"id":43985,"href":"https:\/\/blogs.elcomercio.es\/reflexiones-de-belarmino\/wp-json\/wp\/v2\/posts\/43984\/revisions\/43985"}],"wp:attachment":[{"href":"https:\/\/blogs.elcomercio.es\/reflexiones-de-belarmino\/wp-json\/wp\/v2\/media?parent=43984"}],"wp:term":[{"taxonomy":"category","embeddable":true,"href":"https:\/\/blogs.elcomercio.es\/reflexiones-de-belarmino\/wp-json\/wp\/v2\/categories?post=43984"},{"taxonomy":"post_tag","embeddable":true,"href":"https:\/\/blogs.elcomercio.es\/reflexiones-de-belarmino\/wp-json\/wp\/v2\/tags?post=43984"}],"curies":[{"name":"wp","href":"https:\/\/api.w.org\/{rel}","templated":true}]}}