{"id":43994,"date":"2025-08-15T19:44:28","date_gmt":"2025-08-15T17:44:28","guid":{"rendered":"https:\/\/blogs.elcomercio.es\/reflexiones-de-belarmino\/?p=43994"},"modified":"2025-08-15T19:44:28","modified_gmt":"2025-08-15T17:44:28","slug":"truenan-los-obispos-contra-el-arzobispo-de-oviedo-jesus-sanz-montes-al-atacar-a-los-moritos-de-jumilla-confirma-su-alianza-con-abascal-nos-ha-tirado-anos-de","status":"publish","type":"post","link":"https:\/\/blogs.elcomercio.es\/reflexiones-de-belarmino\/2025\/08\/15\/truenan-los-obispos-contra-el-arzobispo-de-oviedo-jesus-sanz-montes-al-atacar-a-los-moritos-de-jumilla-confirma-su-alianza-con-abascal-nos-ha-tirado-anos-de\/","title":{"rendered":"\u00a1\u00a1\u00a1\u00a1\u00a1&#8221;TRUENAN&#8221; LOS OBISPOS CONTRA EL ARZOBISPO DE OVIEDO JESUS SANZ MONTES. AL ATACAR A LOS &#8220;MORITOS &#8221; DE JUMILLA, CONFIRMA SU ALIANZA CON ABASCAL. &#8220;NOS HA TIRADO A\u00d1OS DE TRABAJO&#8221; DICEN LA MAYORIA DE LOS OBISPOS.&#8221;EL MAS RANCIO DE LOS RANCIOS OBISPOS&#8221;, POR SUPUESTO,  DE OVIEDO!!!"},"content":{"rendered":"\n<p>Vetusta, siempre Vetusta, la cuna de lo rancio en su oligarqu\u00edoa y en la IGlesia Cat\u00f3lica, que tan bien retrat\u00f3 Leopoldo Alas &#8220;Clarin&#8221; en La Regenta.&#8221; Hombre y mujer, s\u00f3lo, lo que se haga fuera que pague la penintencia&#8221;; &#8221; antifeminista&#8221;,  que declar\u00f3 que la COVID ERA UN CASTIGO DIVINO, con sus 70 a\u00f1os, a un voto de ganarle al Jos\u00e9 Cobo, el hombre de Francisco su puesto, es conocido en el mundo como lo m\u00e1s atrasado de la atrasada Iglesia Espa\u00f1ola. Arzobispo desde 2009, en la cuna del OPUS DEI, este hombre, ha sacudido la &#8220;furia&#8221; de la mayor parte de los obispos(la Conferencia Episcopla no puede pronunciarse), mantienen que eso confirma lo que todos saben que es el aliado de Abascal y le recriminan&#8221;haber tirado a\u00f1os de trabajo. En relaci\u00f3n con Jumilla ha dicho ESOS MORITOS DEBER\u00cdAN&#8230;&#8230;&#8230;&#8221;<\/p>\n\n\n\n<p>Le\u00f3n XIV tiene la palabra en relaci\u00f3n con Espa\u00f1a,o se atreve a enfrentarla, o pagar\u00e1 las consecuencias.<\/p>\n<!-- AddThis Advanced Settings generic via filter on the_content --><!-- AddThis Share Buttons generic via filter on the_content -->","protected":false},"excerpt":{"rendered":"<p>Vetusta, siempre Vetusta, la cuna de lo rancio en su oligarqu\u00edoa y en la IGlesia Cat\u00f3lica, que tan bien retrat\u00f3 Leopoldo Alas &#8220;Clarin&#8221; en La Regenta.&#8221; Hombre y mujer, s\u00f3lo, lo que se haga fuera que pague la penintencia&#8221;; &#8221; antifeminista&#8221;, que declar\u00f3 que la COVID ERA UN CASTIGO DIVINO, con sus 70 a\u00f1os, a [&hellip;]<!-- AddThis Advanced Settings generic via filter on get_the_excerpt --><!-- AddThis Share Buttons generic via filter on get_the_excerpt --><\/p>\n","protected":false},"author":16,"featured_media":0,"comment_status":"open","ping_status":"closed","sticky":false,"template":"","format":"standard","meta":[],"categories":[1],"tags":[],"_links":{"self":[{"href":"https:\/\/blogs.elcomercio.es\/reflexiones-de-belarmino\/wp-json\/wp\/v2\/posts\/43994"}],"collection":[{"href":"https:\/\/blogs.elcomercio.es\/reflexiones-de-belarmino\/wp-json\/wp\/v2\/posts"}],"about":[{"href":"https:\/\/blogs.elcomercio.es\/reflexiones-de-belarmino\/wp-json\/wp\/v2\/types\/post"}],"author":[{"embeddable":true,"href":"https:\/\/blogs.elcomercio.es\/reflexiones-de-belarmino\/wp-json\/wp\/v2\/users\/16"}],"replies":[{"embeddable":true,"href":"https:\/\/blogs.elcomercio.es\/reflexiones-de-belarmino\/wp-json\/wp\/v2\/comments?post=43994"}],"version-history":[{"count":1,"href":"https:\/\/blogs.elcomercio.es\/reflexiones-de-belarmino\/wp-json\/wp\/v2\/posts\/43994\/revisions"}],"predecessor-version":[{"id":43995,"href":"https:\/\/blogs.elcomercio.es\/reflexiones-de-belarmino\/wp-json\/wp\/v2\/posts\/43994\/revisions\/43995"}],"wp:attachment":[{"href":"https:\/\/blogs.elcomercio.es\/reflexiones-de-belarmino\/wp-json\/wp\/v2\/media?parent=43994"}],"wp:term":[{"taxonomy":"category","embeddable":true,"href":"https:\/\/blogs.elcomercio.es\/reflexiones-de-belarmino\/wp-json\/wp\/v2\/categories?post=43994"},{"taxonomy":"post_tag","embeddable":true,"href":"https:\/\/blogs.elcomercio.es\/reflexiones-de-belarmino\/wp-json\/wp\/v2\/tags?post=43994"}],"curies":[{"name":"wp","href":"https:\/\/api.w.org\/{rel}","templated":true}]}}