{"id":43996,"date":"2025-08-15T22:17:36","date_gmt":"2025-08-15T20:17:36","guid":{"rendered":"https:\/\/blogs.elcomercio.es\/reflexiones-de-belarmino\/?p=43996"},"modified":"2025-08-15T22:17:37","modified_gmt":"2025-08-15T20:17:37","slug":"empieza-la-cumbre-a-tiempo-se-saludan-cordialmente-trump-invita-a-putin-a-ir-juntos-en-su-auto-pero-al-mismo-tiempo-cancela-la-reunion-entre-los-dos-habra-testigos","status":"publish","type":"post","link":"https:\/\/blogs.elcomercio.es\/reflexiones-de-belarmino\/2025\/08\/15\/empieza-la-cumbre-a-tiempo-se-saludan-cordialmente-trump-invita-a-putin-a-ir-juntos-en-su-auto-pero-al-mismo-tiempo-cancela-la-reunion-entre-los-dos-habra-testigos\/","title":{"rendered":"\u00a1\u00a1\u00a1\u00a1\u00a1EMPIEZA LA CUMBRE.- A TIEMPO, SE SALUDAN CORDIALMENTE, TRUMP INVITA A PUTIN A IR JUNTOS EN SU AUTO, PERO AL MISMO TIEMPO CANCELA LA REUNI\u00d3N ENTRE LOS DOS. HABR\u00c1 TESTIGOS DE AMBAS PARTES:LAVROV Y RUBIO. TRUMP SE PROTEGE LAS ESPALDAS !!!"},"content":{"rendered":"\n<p>Pues, ante la expectaci\u00f3n de la prensa internacional, llegaron casi al \u00fanisono los dos aviones. Ambos llegaron a la alfombra roja, por separados y ah\u00ed se saludaron afectuosamente. Trump invit\u00f3 a Putin a subirse en su auto y ah\u00ed, camino de la sede, dialogaron, pero, casi al mismo tiempo la Casa Blanca inform\u00f3 que se cancelaba la reuni\u00f3n privada entre ellos. Habra, adem\u00e1s del traductcor, por lo menos un testigo: Marco Rubio y Steve Witkoff por EE:UU, y Lavrov por parte de Rusia.<\/p>\n\n\n\n<p>(Al llegar el avi\u00f3n  ruso horas antes con Lavrov y periodistas, comieron &#8220;pollo a la Kiev&#8221; y Lavrov, lleg\u00f3 con una camiseta que decia&#8221; Rusia&#8221; en cir\u00edlico, quizas para recordar  que llegaba al territorio ruso que fue ).<\/p>\n\n\n\n<p>Creemos que este hecho, hizo que Trump, reculara, se protegiera las espaldas y transformaba la reunion entre ambos, en una conversaci\u00f3n en el auto..<\/p>\n\n\n\n<p>Antes de llegar algo cambi\u00f3 que suspendieran el encuentro privado. Trump, quiso tener testigos. El Tigre, es mucho Tigre.<\/p>\n\n\n\n<p>Dificil reuni\u00f3n para Trump<\/p>\n<!-- AddThis Advanced Settings generic via filter on the_content --><!-- AddThis Share Buttons generic via filter on the_content -->","protected":false},"excerpt":{"rendered":"<p>Pues, ante la expectaci\u00f3n de la prensa internacional, llegaron casi al \u00fanisono los dos aviones. Ambos llegaron a la alfombra roja, por separados y ah\u00ed se saludaron afectuosamente. Trump invit\u00f3 a Putin a subirse en su auto y ah\u00ed, camino de la sede, dialogaron, pero, casi al mismo tiempo la Casa Blanca inform\u00f3 que se [&hellip;]<!-- AddThis Advanced Settings generic via filter on get_the_excerpt --><!-- AddThis Share Buttons generic via filter on get_the_excerpt --><\/p>\n","protected":false},"author":16,"featured_media":0,"comment_status":"open","ping_status":"closed","sticky":false,"template":"","format":"standard","meta":[],"categories":[1],"tags":[],"_links":{"self":[{"href":"https:\/\/blogs.elcomercio.es\/reflexiones-de-belarmino\/wp-json\/wp\/v2\/posts\/43996"}],"collection":[{"href":"https:\/\/blogs.elcomercio.es\/reflexiones-de-belarmino\/wp-json\/wp\/v2\/posts"}],"about":[{"href":"https:\/\/blogs.elcomercio.es\/reflexiones-de-belarmino\/wp-json\/wp\/v2\/types\/post"}],"author":[{"embeddable":true,"href":"https:\/\/blogs.elcomercio.es\/reflexiones-de-belarmino\/wp-json\/wp\/v2\/users\/16"}],"replies":[{"embeddable":true,"href":"https:\/\/blogs.elcomercio.es\/reflexiones-de-belarmino\/wp-json\/wp\/v2\/comments?post=43996"}],"version-history":[{"count":1,"href":"https:\/\/blogs.elcomercio.es\/reflexiones-de-belarmino\/wp-json\/wp\/v2\/posts\/43996\/revisions"}],"predecessor-version":[{"id":43997,"href":"https:\/\/blogs.elcomercio.es\/reflexiones-de-belarmino\/wp-json\/wp\/v2\/posts\/43996\/revisions\/43997"}],"wp:attachment":[{"href":"https:\/\/blogs.elcomercio.es\/reflexiones-de-belarmino\/wp-json\/wp\/v2\/media?parent=43996"}],"wp:term":[{"taxonomy":"category","embeddable":true,"href":"https:\/\/blogs.elcomercio.es\/reflexiones-de-belarmino\/wp-json\/wp\/v2\/categories?post=43996"},{"taxonomy":"post_tag","embeddable":true,"href":"https:\/\/blogs.elcomercio.es\/reflexiones-de-belarmino\/wp-json\/wp\/v2\/tags?post=43996"}],"curies":[{"name":"wp","href":"https:\/\/api.w.org\/{rel}","templated":true}]}}