{"id":43998,"date":"2025-08-16T13:30:17","date_gmt":"2025-08-16T11:30:17","guid":{"rendered":"https:\/\/blogs.elcomercio.es\/reflexiones-de-belarmino\/?p=43998"},"modified":"2025-08-16T13:30:17","modified_gmt":"2025-08-16T11:30:17","slug":"no-siete-horas-sino-tressin-declaraciones-hoy-resolvamos-nuestros-problemas-comunes-manana-la-pido-a-zelensky-que-venga-a-europa-que-espere-y-nos-vemos-en-muscu-antes-d","status":"publish","type":"post","link":"https:\/\/blogs.elcomercio.es\/reflexiones-de-belarmino\/2025\/08\/16\/no-siete-horas-sino-tressin-declaraciones-hoy-resolvamos-nuestros-problemas-comunes-manana-la-pido-a-zelensky-que-venga-a-europa-que-espere-y-nos-vemos-en-muscu-antes-d\/","title":{"rendered":"\u00a1\u00a1\u00a1\u00a1NO SIETE HORAS, SINO TRES,SIN DECLARACIONES. &#8220;HOY RESOLVAMOS NUESTROS PROBLEMAS COMUNES. MA\u00d1ANA LA PIDO A ZELENSKY QUE VENGA, A EUROPA QUE ESPERE Y NOS VEMOS EN MUSC\u00da. ANTES DE QUE NADA ESTAMOS NOSOTROS DOS&#8221;:ACUERDO TRUMP.PUTIN  !!!"},"content":{"rendered":"\n<p>Ni las 7 horas que dec\u00eda Mosc\u00fa, a la defensiva el magnate, cumbre(sic) de 3 horas, sin declaraciones, benefica para ambos y s\u00f3lo para ambos.&#8221; Yo le hablo hoy a Zelensky y le pido que vaya de nuevo a la Casa Blanca, a Europa les dar\u00e9 la versi\u00f3n que necesitamos tu y yo&#8221;. &#8220;LO IMPORTANTE ES LO QUE NOS INTERESA A AMBOS &#8220;.Nos vemos en Mosc\u00fa&#8230;&#8230;.<\/p>\n<!-- AddThis Advanced Settings generic via filter on the_content --><!-- AddThis Share Buttons generic via filter on the_content -->","protected":false},"excerpt":{"rendered":"<p>Ni las 7 horas que dec\u00eda Mosc\u00fa, a la defensiva el magnate, cumbre(sic) de 3 horas, sin declaraciones, benefica para ambos y s\u00f3lo para ambos.&#8221; Yo le hablo hoy a Zelensky y le pido que vaya de nuevo a la Casa Blanca, a Europa les dar\u00e9 la versi\u00f3n que necesitamos tu y yo&#8221;. &#8220;LO IMPORTANTE [&hellip;]<!-- AddThis Advanced Settings generic via filter on get_the_excerpt --><!-- AddThis Share Buttons generic via filter on get_the_excerpt --><\/p>\n","protected":false},"author":16,"featured_media":0,"comment_status":"open","ping_status":"closed","sticky":false,"template":"","format":"standard","meta":[],"categories":[1],"tags":[],"_links":{"self":[{"href":"https:\/\/blogs.elcomercio.es\/reflexiones-de-belarmino\/wp-json\/wp\/v2\/posts\/43998"}],"collection":[{"href":"https:\/\/blogs.elcomercio.es\/reflexiones-de-belarmino\/wp-json\/wp\/v2\/posts"}],"about":[{"href":"https:\/\/blogs.elcomercio.es\/reflexiones-de-belarmino\/wp-json\/wp\/v2\/types\/post"}],"author":[{"embeddable":true,"href":"https:\/\/blogs.elcomercio.es\/reflexiones-de-belarmino\/wp-json\/wp\/v2\/users\/16"}],"replies":[{"embeddable":true,"href":"https:\/\/blogs.elcomercio.es\/reflexiones-de-belarmino\/wp-json\/wp\/v2\/comments?post=43998"}],"version-history":[{"count":1,"href":"https:\/\/blogs.elcomercio.es\/reflexiones-de-belarmino\/wp-json\/wp\/v2\/posts\/43998\/revisions"}],"predecessor-version":[{"id":43999,"href":"https:\/\/blogs.elcomercio.es\/reflexiones-de-belarmino\/wp-json\/wp\/v2\/posts\/43998\/revisions\/43999"}],"wp:attachment":[{"href":"https:\/\/blogs.elcomercio.es\/reflexiones-de-belarmino\/wp-json\/wp\/v2\/media?parent=43998"}],"wp:term":[{"taxonomy":"category","embeddable":true,"href":"https:\/\/blogs.elcomercio.es\/reflexiones-de-belarmino\/wp-json\/wp\/v2\/categories?post=43998"},{"taxonomy":"post_tag","embeddable":true,"href":"https:\/\/blogs.elcomercio.es\/reflexiones-de-belarmino\/wp-json\/wp\/v2\/tags?post=43998"}],"curies":[{"name":"wp","href":"https:\/\/api.w.org\/{rel}","templated":true}]}}